{"id":8254,"date":"2026-06-21T00:00:51","date_gmt":"2026-06-20T22:00:51","guid":{"rendered":"https:\/\/horka.fara.sk\/?p=8254"},"modified":"2026-06-19T23:43:37","modified_gmt":"2026-06-19T21:43:37","slug":"farske-oznamy-21-6-28-6-2026","status":"publish","type":"post","link":"https:\/\/horka.fara.sk\/?p=8254","title":{"rendered":"Farsk\u00e9 oznamy 21.6.-28.6.2026"},"content":{"rendered":"<div class=\"table-responsive\">\n<table class=\"table table-bordered\">\n<thead>\n<tr>\n<th style=\"text-align: center; vertical-align: middle;\">d\u00e1tum<\/th>\n<th style=\"text-align: center; vertical-align: middle;\">liturgick\u00fd de\u0148<\/th>\n<th style=\"text-align: center; vertical-align: middle;\">Ki\u0161ovce<\/th>\n<th style=\"text-align: center; vertical-align: middle;\">Ondrej<\/th>\n<\/tr>\n<\/thead>\n<tbody>\n<tr>\n<td style=\"text-align: center; vertical-align: middle;\"><strong>Nede\u013ea 21.6.<\/strong><\/td>\n<td style=\"text-align: center; vertical-align: middle;\"><strong>12. nede\u013ea v Cezro\u010dnom obdob\u00ed<\/strong><\/td>\n<td style=\"text-align: center; vertical-align: middle;\"><strong>8:00<\/strong><\/p>\n<p>&nbsp;<\/td>\n<td style=\"text-align: center; vertical-align: middle;\"><strong>10:00<\/strong><\/p>\n<p>&nbsp;<\/td>\n<\/tr>\n<tr>\n<td style=\"text-align: center; vertical-align: middle;\">Pondelok 22.6.<\/td>\n<td style=\"text-align: center; vertical-align: middle;\">Pondelok 12. t\u00fd\u017ed\u0148a v Cezro\u010dnom obdob\u00ed<\/td>\n<td style=\"text-align: center; vertical-align: middle;\"><strong>17:00<\/strong><\/p>\n<p>Bohoslu\u017eba slova<\/td>\n<td style=\"text-align: center; vertical-align: middle;\">&nbsp;<\/p>\n<p>&nbsp;<\/td>\n<\/tr>\n<tr>\n<td style=\"text-align: center; vertical-align: middle;\">Utorok 23.6.<\/td>\n<td style=\"text-align: center; vertical-align: middle;\">Vig\u00edlia Narodenia sv\u00e4t\u00e9ho J\u00e1na Krstite\u013ea<\/p>\n<p>sl\u00e1vnos\u0165<\/td>\n<td style=\"text-align: center; vertical-align: middle;\">&nbsp;<\/p>\n<p>&nbsp;<\/td>\n<td style=\"text-align: center; vertical-align: middle;\"><strong>17:00<\/strong><\/p>\n<p>Bohoslu\u017eba slova<\/td>\n<\/tr>\n<tr>\n<td style=\"text-align: center; vertical-align: middle;\">Streda 24.6.<\/td>\n<td style=\"text-align: center; vertical-align: middle;\">Narodenie sv\u00e4t\u00e9ho J\u00e1na Krstite\u013ea<\/p>\n<p>sl\u00e1vnos\u0165<\/td>\n<td style=\"text-align: center; vertical-align: middle;\"><strong>nebude<\/strong><\/p>\n<p>&nbsp;<\/td>\n<td style=\"text-align: center; vertical-align: middle;\"><\/td>\n<\/tr>\n<tr>\n<td style=\"text-align: center; vertical-align: middle;\">\u0160tvrtok 25.6.<\/td>\n<td style=\"text-align: center; vertical-align: middle;\">\u0160tvrtok 12. t\u00fd\u017ed\u0148a v Cezro\u010dnom obdob\u00ed<\/td>\n<td style=\"text-align: center; vertical-align: middle;\">&nbsp;<\/p>\n<p>&nbsp;<\/td>\n<td style=\"text-align: center; vertical-align: middle;\"><strong>17:00<\/strong><\/p>\n<p>Bohoslu\u017eba slova<\/td>\n<\/tr>\n<tr>\n<td style=\"text-align: center; vertical-align: middle;\">Piatok 26.6.<\/td>\n<td style=\"text-align: center; vertical-align: middle;\">Piatok 12. t\u00fd\u017ed\u0148a v Cezro\u010dnom obdob\u00ed<\/td>\n<td style=\"text-align: center; vertical-align: middle;\"><strong>17:00<\/strong><\/p>\n<p>Bohoslu\u017eba slova<\/td>\n<td style=\"text-align: center; vertical-align: middle;\">&nbsp;<\/p>\n<p>&nbsp;<\/td>\n<\/tr>\n<tr>\n<td style=\"text-align: center; vertical-align: middle;\">Sobota 27.6.<\/td>\n<td style=\"text-align: center; vertical-align: middle;\">Preblahoslavenej Panny M\u00e1rie v sobotu<\/p>\n<p>\u013eubovo\u013en\u00e1 spomienka<\/td>\n<td style=\"text-align: center; vertical-align: middle;\"><\/td>\n<td style=\"text-align: center; vertical-align: middle;\"><strong>nebude<\/strong><\/p>\n<p>&nbsp;<\/td>\n<\/tr>\n<tr>\n<td style=\"text-align: center; vertical-align: middle;\"><strong>Nede\u013ea 28.6.<\/strong><\/td>\n<td style=\"text-align: center; vertical-align: middle;\"><strong>13. nede\u013ea v Cezro\u010dnom obdob\u00ed<\/strong><\/td>\n<td style=\"text-align: center; vertical-align: middle;\"><strong>8:00<\/strong><\/p>\n<p>&nbsp;<\/td>\n<td style=\"text-align: center; vertical-align: middle;\"><strong>10:00<\/strong><\/p>\n<p>&nbsp;<\/td>\n<\/tr>\n<\/tbody>\n<\/table>\n<\/div>\n<p>Pozn\u00e1mky:<\/p>\n<ul>\n<li><strong>\u00famysly sv\u00e4t\u00fdch om\u0161\u00ed na mesiace j\u00fan, j\u00fal, august<\/strong> si m\u00f4\u017eete hl\u00e1si\u0165 v sakristi\u00e1ch na\u0161ich kostolov.<\/li>\n<li><strong>dary na potreby farnosti:<\/strong> Z krstu Alexa Kuzmu 100 \u20ac. <strong>V\u0161etk\u00fdm menovan\u00fdm aj nemenovan\u00fdm darcom P\u00e1n Boh zapla\u0165!<\/strong><\/li>\n<li><a href=\"http:\/\/www.jubileum.kapitula.sk\">www.jubileum.kapitula.sk<\/a><\/li>\n<\/ul>\n","protected":false},"excerpt":{"rendered":"<p>d\u00e1tum liturgick\u00fd de\u0148 Ki\u0161ovce Ondrej Nede\u013ea 21.6. 12. nede\u013ea v Cezro\u010dnom obdob\u00ed 8:00 &nbsp; 10:00 &nbsp; Pondelok 22.6. Pondelok 12. t\u00fd\u017ed\u0148a v Cezro\u010dnom obdob\u00ed 17:00 Bohoslu\u017eba slova &nbsp; &nbsp; Utorok 23.6. Vig\u00edlia Narodenia sv\u00e4t\u00e9ho J\u00e1na Krstite\u013ea sl\u00e1vnos\u0165 &nbsp; &nbsp; 17:00 Bohoslu\u017eba slova Streda 24.6. Narodenie sv\u00e4t\u00e9ho J\u00e1na Krstite\u013ea sl\u00e1vnos\u0165 nebude &nbsp; \u0160tvrtok 25.6. \u0160tvrtok 12. [&hellip;]<\/p>\n","protected":false},"author":1,"featured_media":0,"comment_status":"open","ping_status":"open","sticky":false,"template":"","format":"standard","meta":{"footnotes":"","_links_to":"","_links_to_target":""},"categories":[6,4],"tags":[],"class_list":["post-8254","post","type-post","status-publish","format-standard","hentry","category-farske-oznamy","category-oznamy"],"_links":{"self":[{"href":"https:\/\/horka.fara.sk\/index.php?rest_route=\/wp\/v2\/posts\/8254","targetHints":{"allow":["GET"]}}],"collection":[{"href":"https:\/\/horka.fara.sk\/index.php?rest_route=\/wp\/v2\/posts"}],"about":[{"href":"https:\/\/horka.fara.sk\/index.php?rest_route=\/wp\/v2\/types\/post"}],"author":[{"embeddable":true,"href":"https:\/\/horka.fara.sk\/index.php?rest_route=\/wp\/v2\/users\/1"}],"replies":[{"embeddable":true,"href":"https:\/\/horka.fara.sk\/index.php?rest_route=%2Fwp%2Fv2%2Fcomments&post=8254"}],"version-history":[{"count":2,"href":"https:\/\/horka.fara.sk\/index.php?rest_route=\/wp\/v2\/posts\/8254\/revisions"}],"predecessor-version":[{"id":8377,"href":"https:\/\/horka.fara.sk\/index.php?rest_route=\/wp\/v2\/posts\/8254\/revisions\/8377"}],"wp:attachment":[{"href":"https:\/\/horka.fara.sk\/index.php?rest_route=%2Fwp%2Fv2%2Fmedia&parent=8254"}],"wp:term":[{"taxonomy":"category","embeddable":true,"href":"https:\/\/horka.fara.sk\/index.php?rest_route=%2Fwp%2Fv2%2Fcategories&post=8254"},{"taxonomy":"post_tag","embeddable":true,"href":"https:\/\/horka.fara.sk\/index.php?rest_route=%2Fwp%2Fv2%2Ftags&post=8254"}],"curies":[{"name":"wp","href":"https:\/\/api.w.org\/{rel}","templated":true}]}}