{"id":8258,"date":"2026-07-05T00:00:35","date_gmt":"2026-07-04T22:00:35","guid":{"rendered":"https:\/\/horka.fara.sk\/?p=8258"},"modified":"2026-07-04T20:12:10","modified_gmt":"2026-07-04T18:12:10","slug":"farske-oznamy-5-7-12-7-2026","status":"publish","type":"post","link":"https:\/\/horka.fara.sk\/?p=8258","title":{"rendered":"Farsk\u00e9 oznamy 5.7.-12.7.2026"},"content":{"rendered":"<div class=\"table-responsive\">\n<table class=\"table table-bordered\">\n<thead>\n<tr>\n<th style=\"text-align: center; vertical-align: middle;\">d\u00e1tum<\/th>\n<th style=\"text-align: center; vertical-align: middle;\">liturgick\u00fd de\u0148<\/th>\n<th style=\"text-align: center; vertical-align: middle;\">Ki\u0161ovce<\/th>\n<th style=\"text-align: center; vertical-align: middle;\">Ondrej<\/th>\n<\/tr>\n<\/thead>\n<tbody>\n<tr>\n<td style=\"text-align: center; vertical-align: middle;\"><strong>Nede\u013ea 5.7.<\/strong><\/td>\n<td style=\"text-align: center; vertical-align: middle;\"><strong>Sv\u00e4t\u00fdch Cyrila, mn\u00edcha, a Metoda, biskupa,<\/strong><br \/>\n<strong>slovansk\u00fdch vierozvestov, patr\u00f3nov Eur\u00f3py<\/strong><\/p>\n<p>sl\u00e1vnos\u0165<\/td>\n<td style=\"text-align: center; vertical-align: middle;\"><strong>8:00<\/strong><\/p>\n<p>sv\u00e4t\u00e1 om\u0161a na \u00famysel<\/td>\n<td style=\"text-align: center; vertical-align: middle;\"><strong>10:00<\/strong><\/p>\n<p>+ Cyril Melioris<\/td>\n<\/tr>\n<tr>\n<td style=\"text-align: center; vertical-align: middle;\">Pondelok 6.7.<\/td>\n<td style=\"text-align: center; vertical-align: middle;\">Sv\u00e4tej M\u00e1rie Goretti, panny a mu\u010denice<\/p>\n<p>\u013eubovo\u013en\u00e1 spomienka<\/td>\n<td style=\"text-align: center; vertical-align: middle;\"><strong>17:00<\/strong><\/p>\n<p>za zdravie, po\u017eehnanie pre rodinu<\/td>\n<td style=\"text-align: center; vertical-align: middle;\">&nbsp;<\/p>\n<p>&nbsp;<\/td>\n<\/tr>\n<tr>\n<td style=\"text-align: center; vertical-align: middle;\">Utorok 7.7.<\/td>\n<td style=\"text-align: center; vertical-align: middle;\">Utorok 14. t\u00fd\u017ed\u0148a v Cezro\u010dnom obdob\u00ed<\/td>\n<td style=\"text-align: center; vertical-align: middle;\">&nbsp;<\/p>\n<p>&nbsp;<\/td>\n<td style=\"text-align: center; vertical-align: middle;\"><strong>17:00<\/strong><\/p>\n<p>+ \u0160tefan Harend\u00e1r\u010dik<\/td>\n<\/tr>\n<tr>\n<td style=\"text-align: center; vertical-align: middle;\">Streda 8.7.<\/td>\n<td style=\"text-align: center; vertical-align: middle;\">Streda 14. t\u00fd\u017ed\u0148a v Cezro\u010dnom obdob\u00ed<\/td>\n<td style=\"text-align: center; vertical-align: middle;\"><strong>8:00<\/strong><\/p>\n<p>sv\u00e4t\u00e1 om\u0161a na \u00famysel celebranta<\/td>\n<td style=\"text-align: center; vertical-align: middle;\"><\/td>\n<\/tr>\n<tr>\n<td style=\"text-align: center; vertical-align: middle;\">\u0160tvrtok 9.7.<\/td>\n<td style=\"text-align: center; vertical-align: middle;\">\u0160tvrtok 14. t\u00fd\u017ed\u0148a v Cezro\u010dnom obdob\u00ed<\/td>\n<td style=\"text-align: center; vertical-align: middle;\">&nbsp;<\/p>\n<p>&nbsp;<\/td>\n<td style=\"text-align: center; vertical-align: middle;\"><strong>17:00<\/strong><\/p>\n<p>+ Tom\u00e1\u0161 Budz\u00e1k<\/td>\n<\/tr>\n<tr>\n<td style=\"text-align: center; vertical-align: middle;\">Piatok 10.7.<\/td>\n<td style=\"text-align: center; vertical-align: middle;\">Piatok 14. t\u00fd\u017ed\u0148a v Cezro\u010dnom obdob\u00ed<\/td>\n<td style=\"text-align: center; vertical-align: middle;\"><strong>17:00<\/strong><\/p>\n<p>sv\u00e4t\u00e1 om\u0161a na \u00famysel<\/td>\n<td style=\"text-align: center; vertical-align: middle;\">&nbsp;<\/p>\n<p>&nbsp;<\/td>\n<\/tr>\n<tr>\n<td style=\"text-align: center; vertical-align: middle;\">Sobota 11.7.<\/td>\n<td style=\"text-align: center; vertical-align: middle;\">Sv\u00e4t\u00e9ho Benedikta, op\u00e1ta, patr\u00f3na Eur\u00f3py<\/p>\n<p>sviatok<\/td>\n<td style=\"text-align: center; vertical-align: middle;\"><\/td>\n<td style=\"text-align: center; vertical-align: middle;\"><strong>8:00<\/strong><\/p>\n<p>sv\u00e4t\u00e1 om\u0161a na \u00famysel<\/td>\n<\/tr>\n<tr>\n<td style=\"text-align: center; vertical-align: middle;\"><strong>Nede\u013ea 12.7.<\/strong><\/td>\n<td style=\"text-align: center; vertical-align: middle;\">15. nede\u013ea v Cezro\u010dnom obdob\u00ed<\/td>\n<td style=\"text-align: center; vertical-align: middle;\"><strong>8:00<\/strong><\/p>\n<p>sv\u00e4t\u00e1 om\u0161a na \u00famysel<\/td>\n<td style=\"text-align: center; vertical-align: middle;\"><strong>10:00<\/strong><\/p>\n<p>+ Jozef Melioris<\/td>\n<\/tr>\n<\/tbody>\n<\/table>\n<\/div>\n<p>Pozn\u00e1mky:<\/p>\n<ul>\n<li><strong>\u00famysly sv\u00e4t\u00fdch om\u0161\u00ed na mesiace j\u00fan, j\u00fal, august<\/strong> si m\u00f4\u017eete hl\u00e1si\u0165 v sakristi\u00e1ch na\u0161ich kostolov.<\/li>\n<li><strong>dary na potreby farnosti:<\/strong>\u00a0<strong>V\u0161etk\u00fdm menovan\u00fdm aj nemenovan\u00fdm darcom P\u00e1n Boh zapla\u0165!<\/strong><\/li>\n<li><a href=\"http:\/\/www.jubileum.kapitula.sk\">www.jubileum.kapitula.sk<\/a><\/li>\n<\/ul>\n","protected":false},"excerpt":{"rendered":"<p>d\u00e1tum liturgick\u00fd de\u0148 Ki\u0161ovce Ondrej Nede\u013ea 5.7. Sv\u00e4t\u00fdch Cyrila, mn\u00edcha, a Metoda, biskupa, slovansk\u00fdch vierozvestov, patr\u00f3nov Eur\u00f3py sl\u00e1vnos\u0165 8:00 sv\u00e4t\u00e1 om\u0161a na \u00famysel 10:00 + Cyril Melioris Pondelok 6.7. Sv\u00e4tej M\u00e1rie Goretti, panny a mu\u010denice \u013eubovo\u013en\u00e1 spomienka 17:00 za zdravie, po\u017eehnanie pre rodinu &nbsp; &nbsp; Utorok 7.7. Utorok 14. t\u00fd\u017ed\u0148a v Cezro\u010dnom obdob\u00ed &nbsp; &nbsp; [&hellip;]<\/p>\n","protected":false},"author":1,"featured_media":0,"comment_status":"open","ping_status":"open","sticky":false,"template":"","format":"standard","meta":{"footnotes":"","_links_to":"","_links_to_target":""},"categories":[6,4],"tags":[],"class_list":["post-8258","post","type-post","status-publish","format-standard","hentry","category-farske-oznamy","category-oznamy"],"_links":{"self":[{"href":"https:\/\/horka.fara.sk\/index.php?rest_route=\/wp\/v2\/posts\/8258","targetHints":{"allow":["GET"]}}],"collection":[{"href":"https:\/\/horka.fara.sk\/index.php?rest_route=\/wp\/v2\/posts"}],"about":[{"href":"https:\/\/horka.fara.sk\/index.php?rest_route=\/wp\/v2\/types\/post"}],"author":[{"embeddable":true,"href":"https:\/\/horka.fara.sk\/index.php?rest_route=\/wp\/v2\/users\/1"}],"replies":[{"embeddable":true,"href":"https:\/\/horka.fara.sk\/index.php?rest_route=%2Fwp%2Fv2%2Fcomments&post=8258"}],"version-history":[{"count":3,"href":"https:\/\/horka.fara.sk\/index.php?rest_route=\/wp\/v2\/posts\/8258\/revisions"}],"predecessor-version":[{"id":8509,"href":"https:\/\/horka.fara.sk\/index.php?rest_route=\/wp\/v2\/posts\/8258\/revisions\/8509"}],"wp:attachment":[{"href":"https:\/\/horka.fara.sk\/index.php?rest_route=%2Fwp%2Fv2%2Fmedia&parent=8258"}],"wp:term":[{"taxonomy":"category","embeddable":true,"href":"https:\/\/horka.fara.sk\/index.php?rest_route=%2Fwp%2Fv2%2Fcategories&post=8258"},{"taxonomy":"post_tag","embeddable":true,"href":"https:\/\/horka.fara.sk\/index.php?rest_route=%2Fwp%2Fv2%2Ftags&post=8258"}],"curies":[{"name":"wp","href":"https:\/\/api.w.org\/{rel}","templated":true}]}}