{"id":8508,"date":"2026-07-12T00:00:16","date_gmt":"2026-07-11T22:00:16","guid":{"rendered":"https:\/\/horka.fara.sk\/?p=8508"},"modified":"2026-07-11T21:28:28","modified_gmt":"2026-07-11T19:28:28","slug":"farske-oznamy-12-7-19-7-2026","status":"publish","type":"post","link":"https:\/\/horka.fara.sk\/?p=8508","title":{"rendered":"Farsk\u00e9 oznamy 12.7.-19.7.2026"},"content":{"rendered":"<div class=\"table-responsive\">\n<table class=\"table table-bordered\">\n<thead>\n<tr>\n<th style=\"text-align: center; vertical-align: middle;\">d\u00e1tum<\/th>\n<th style=\"text-align: center; vertical-align: middle;\">liturgick\u00fd de\u0148<\/th>\n<th style=\"text-align: center; vertical-align: middle;\">Ki\u0161ovce<\/th>\n<th style=\"text-align: center; vertical-align: middle;\">Ondrej<\/th>\n<\/tr>\n<\/thead>\n<tbody>\n<tr>\n<td style=\"text-align: center; vertical-align: middle;\"><strong>Nede\u013ea 12.7.<\/strong><\/td>\n<td style=\"text-align: center; vertical-align: middle;\"><strong>15. nede\u013ea v Cezro\u010dnom obdob\u00ed<\/strong><\/td>\n<td style=\"text-align: center; vertical-align: middle;\"><strong>8:00<\/strong><\/p>\n<p>+ Mel\u00e1nia, Stanislav \u0160tefko<\/td>\n<td style=\"text-align: center; vertical-align: middle;\"><strong>10:00<\/strong><\/p>\n<p>+ Jozef Melioris<\/td>\n<\/tr>\n<tr>\n<td style=\"text-align: center; vertical-align: middle;\">Pondelok 13.7.<\/td>\n<td style=\"text-align: center; vertical-align: middle;\">Pondelok 15. t\u00fd\u017ed\u0148a v Cezro\u010dnom obdob\u00ed<\/td>\n<td style=\"text-align: center; vertical-align: middle;\"><strong>17:00<\/strong><\/p>\n<p>Jozef, Margita, Jozef Baran<\/td>\n<td style=\"text-align: center; vertical-align: middle;\">&nbsp;<\/p>\n<p>&nbsp;<\/td>\n<\/tr>\n<tr>\n<td style=\"text-align: center; vertical-align: middle;\">Utorok 14.7.<\/td>\n<td style=\"text-align: center; vertical-align: middle;\">Utorok 15. t\u00fd\u017ed\u0148a v Cezro\u010dnom obdob\u00ed<\/td>\n<td style=\"text-align: center; vertical-align: middle;\">&nbsp;<\/p>\n<p>&nbsp;<\/td>\n<td style=\"text-align: center; vertical-align: middle;\"><strong>17:00<\/strong><\/p>\n<p>+ Stanislav, Klement, Anton<\/td>\n<\/tr>\n<tr>\n<td style=\"text-align: center; vertical-align: middle;\">Streda 15.7.<\/td>\n<td style=\"text-align: center; vertical-align: middle;\">Sv\u00e4t\u00e9ho Bonavent\u00faru, biskupa a u\u010dite\u013ea Cirkvi<\/p>\n<p>spomienka<\/td>\n<td style=\"text-align: center; vertical-align: middle;\"><strong>8:00<\/strong><\/p>\n<p>sv\u00e4t\u00e1 om\u0161a na \u00famysel<\/td>\n<td style=\"text-align: center; vertical-align: middle;\"><\/td>\n<\/tr>\n<tr>\n<td style=\"text-align: center; vertical-align: middle;\">\u0160tvrtok 16.7.<\/td>\n<td style=\"text-align: center; vertical-align: middle;\">Preblahoslavenej Panny M\u00e1rie Karmelskej<\/p>\n<p>\u013eubovo\u013en\u00e1 spomienka<\/td>\n<td style=\"text-align: center; vertical-align: middle;\">&nbsp;<\/p>\n<p>&nbsp;<\/td>\n<td style=\"text-align: center; vertical-align: middle;\"><strong>17:00<\/strong><\/p>\n<p>+ Jozef Krojer<\/td>\n<\/tr>\n<tr>\n<td style=\"text-align: center; vertical-align: middle;\">Piatok 17.7.<\/td>\n<td style=\"text-align: center; vertical-align: middle;\">Sv\u00e4t\u00fdch Andreja-Svorada a Be\u0148adika, pustovn\u00edkov<\/p>\n<p>spomienka<\/td>\n<td style=\"text-align: center; vertical-align: middle;\"><strong>17:00<\/strong><\/p>\n<p>+ Franti\u0161ek, Anna Kuba\u013ea<\/td>\n<td style=\"text-align: center; vertical-align: middle;\">&nbsp;<\/p>\n<p>&nbsp;<\/td>\n<\/tr>\n<tr>\n<td style=\"text-align: center; vertical-align: middle;\">Sobota 18.7.<\/td>\n<td style=\"text-align: center; vertical-align: middle;\">Preblahoslavenej Panny M\u00e1rie v sobotu<\/p>\n<p>\u013eubovo\u013en\u00e1 spomienka<\/td>\n<td style=\"text-align: center; vertical-align: middle;\"><\/td>\n<td style=\"text-align: center; vertical-align: middle;\"><strong>8:00<\/strong><\/p>\n<p>za zdravie, po\u017eehnanie<br \/>\npre Milo\u0161a a Elenu<\/td>\n<\/tr>\n<tr>\n<td style=\"text-align: center; vertical-align: middle;\"><strong>Nede\u013ea 19.7.<\/strong><\/td>\n<td style=\"text-align: center; vertical-align: middle;\"><strong>16. nede\u013ea v Cezro\u010dnom obdob\u00ed<\/strong><\/td>\n<td style=\"text-align: center; vertical-align: middle;\"><strong>8:00<\/strong><\/p>\n<p>+ Anton \u010celin\u00e1k<\/td>\n<td style=\"text-align: center; vertical-align: middle;\"><strong>10:00<\/strong><\/p>\n<p>sv\u00e4t\u00e1 om\u0161a za farnos\u0165<\/td>\n<\/tr>\n<\/tbody>\n<\/table>\n<\/div>\n<p>Pozn\u00e1mky:<\/p>\n<ul>\n<li><strong>dary na potreby farnosti:<\/strong>\u00a0<strong>V\u0161etk\u00fdm menovan\u00fdm aj nemenovan\u00fdm darcom P\u00e1n Boh zapla\u0165!<\/strong><\/li>\n<li><a href=\"http:\/\/www.jubileum.kapitula.sk\">www.jubileum.kapitula.sk<\/a><\/li>\n<\/ul>\n","protected":false},"excerpt":{"rendered":"<p>d\u00e1tum liturgick\u00fd de\u0148 Ki\u0161ovce Ondrej Nede\u013ea 12.7. 15. nede\u013ea v Cezro\u010dnom obdob\u00ed 8:00 + Mel\u00e1nia, Stanislav \u0160tefko 10:00 + Jozef Melioris Pondelok 13.7. Pondelok 15. t\u00fd\u017ed\u0148a v Cezro\u010dnom obdob\u00ed 17:00 Jozef, Margita, Jozef Baran &nbsp; &nbsp; Utorok 14.7. Utorok 15. t\u00fd\u017ed\u0148a v Cezro\u010dnom obdob\u00ed &nbsp; &nbsp; 17:00 + Stanislav, Klement, Anton Streda 15.7. Sv\u00e4t\u00e9ho Bonavent\u00faru, [&hellip;]<\/p>\n","protected":false},"author":1,"featured_media":0,"comment_status":"open","ping_status":"open","sticky":false,"template":"","format":"standard","meta":{"footnotes":"","_links_to":"","_links_to_target":""},"categories":[6,4],"tags":[],"class_list":["post-8508","post","type-post","status-publish","format-standard","hentry","category-farske-oznamy","category-oznamy"],"_links":{"self":[{"href":"https:\/\/horka.fara.sk\/index.php?rest_route=\/wp\/v2\/posts\/8508","targetHints":{"allow":["GET"]}}],"collection":[{"href":"https:\/\/horka.fara.sk\/index.php?rest_route=\/wp\/v2\/posts"}],"about":[{"href":"https:\/\/horka.fara.sk\/index.php?rest_route=\/wp\/v2\/types\/post"}],"author":[{"embeddable":true,"href":"https:\/\/horka.fara.sk\/index.php?rest_route=\/wp\/v2\/users\/1"}],"replies":[{"embeddable":true,"href":"https:\/\/horka.fara.sk\/index.php?rest_route=%2Fwp%2Fv2%2Fcomments&post=8508"}],"version-history":[{"count":2,"href":"https:\/\/horka.fara.sk\/index.php?rest_route=\/wp\/v2\/posts\/8508\/revisions"}],"predecessor-version":[{"id":8548,"href":"https:\/\/horka.fara.sk\/index.php?rest_route=\/wp\/v2\/posts\/8508\/revisions\/8548"}],"wp:attachment":[{"href":"https:\/\/horka.fara.sk\/index.php?rest_route=%2Fwp%2Fv2%2Fmedia&parent=8508"}],"wp:term":[{"taxonomy":"category","embeddable":true,"href":"https:\/\/horka.fara.sk\/index.php?rest_route=%2Fwp%2Fv2%2Fcategories&post=8508"},{"taxonomy":"post_tag","embeddable":true,"href":"https:\/\/horka.fara.sk\/index.php?rest_route=%2Fwp%2Fv2%2Ftags&post=8508"}],"curies":[{"name":"wp","href":"https:\/\/api.w.org\/{rel}","templated":true}]}}