{"id":8511,"date":"2026-07-19T00:00:09","date_gmt":"2026-07-18T22:00:09","guid":{"rendered":"https:\/\/horka.fara.sk\/?p=8511"},"modified":"2026-07-20T22:33:00","modified_gmt":"2026-07-20T20:33:00","slug":"farske-oznamy-19-7-26-7-2026","status":"publish","type":"post","link":"https:\/\/horka.fara.sk\/?p=8511","title":{"rendered":"Farsk\u00e9 oznamy 19.7.-26.7.2026"},"content":{"rendered":"<div class=\"table-responsive\">\n<table class=\"table table-bordered\">\n<thead>\n<tr>\n<th style=\"text-align: center; vertical-align: middle;\">d\u00e1tum<\/th>\n<th style=\"text-align: center; vertical-align: middle;\">liturgick\u00fd de\u0148<\/th>\n<th style=\"text-align: center; vertical-align: middle;\">Ki\u0161ovce<\/th>\n<th style=\"text-align: center; vertical-align: middle;\">Ondrej<\/th>\n<\/tr>\n<\/thead>\n<tbody>\n<tr>\n<td style=\"text-align: center; vertical-align: middle;\"><strong>Nede\u013ea 19.7.<\/strong><\/td>\n<td style=\"text-align: center; vertical-align: middle;\"><strong>16. nede\u013ea v Cezro\u010dnom obdob\u00ed<\/strong><\/td>\n<td style=\"text-align: center; vertical-align: middle;\"><strong>8:00<\/strong><\/p>\n<p>+ Anton \u010celin\u00e1k<\/td>\n<td style=\"text-align: center; vertical-align: middle;\"><strong>10:00<\/strong><\/p>\n<p>+ J\u00e1n, Katar\u00edna, Milan Jan\u00e1\u010dek<\/td>\n<\/tr>\n<tr>\n<td style=\"text-align: center; vertical-align: middle;\">Pondelok 20.7.<\/td>\n<td style=\"text-align: center; vertical-align: middle;\">Pondelok 16. t\u00fd\u017ed\u0148a v Cezro\u010dnom obdob\u00ed<\/td>\n<td style=\"text-align: center; vertical-align: middle;\"><strong>17:00<\/strong><\/p>\n<p>za \u017eiv\u00e9 a zosnul\u00e9 \u010dlenky ru\u017ee<br \/>\npani Gol\u00e1\u0148ovej<\/td>\n<td style=\"text-align: center; vertical-align: middle;\">&nbsp;<\/p>\n<p>&nbsp;<\/td>\n<\/tr>\n<tr>\n<td style=\"text-align: center; vertical-align: middle;\">Utorok 21.7.<\/td>\n<td style=\"text-align: center; vertical-align: middle;\">Utorok 16. t\u00fd\u017ed\u0148a v Cezro\u010dnom obdob\u00ed<\/td>\n<td style=\"text-align: center; vertical-align: middle;\">&nbsp;<\/p>\n<p>&nbsp;<\/td>\n<td style=\"text-align: center; vertical-align: middle;\"><strong>8:00<\/strong><\/p>\n<p>sv\u00e4t\u00e1 om\u0161a na \u00famysel<\/td>\n<\/tr>\n<tr>\n<td style=\"text-align: center; vertical-align: middle;\">Streda 22.7.<\/td>\n<td style=\"text-align: center; vertical-align: middle;\">Sv\u00e4tej M\u00e1rie Magdal\u00e9ny<\/p>\n<p>sviatok<\/td>\n<td style=\"text-align: center; vertical-align: middle;\"><strong>17:00<\/strong><\/p>\n<p>sv\u00e4t\u00e1 om\u0161a za farnos\u0165<\/td>\n<td style=\"text-align: center; vertical-align: middle;\"><\/td>\n<\/tr>\n<tr>\n<td style=\"text-align: center; vertical-align: middle;\">\u0160tvrtok 23.7.<\/td>\n<td style=\"text-align: center; vertical-align: middle;\">Sv\u00e4tej Brigity, reho\u013en\u00ed\u010dky, patr\u00f3nky Eur\u00f3py<\/p>\n<p>sviatok<\/td>\n<td style=\"text-align: center; vertical-align: middle;\">&nbsp;<\/p>\n<p>&nbsp;<\/td>\n<td style=\"text-align: center; vertical-align: middle;\"><strong>15:00<\/strong><\/p>\n<p>pohrebn\u00e1 sv\u00e4t\u00e1 om\u0161a<br \/>\n+ \u0160tefana Mal\u00e9ho<\/td>\n<\/tr>\n<tr>\n<td style=\"text-align: center; vertical-align: middle;\">Piatok 24.7.<\/td>\n<td style=\"text-align: center; vertical-align: middle;\">Piatok 16. t\u00fd\u017ed\u0148a v Cezro\u010dnom obdob\u00ed<\/td>\n<td style=\"text-align: center; vertical-align: middle;\"><strong>17:00<\/strong><\/p>\n<p>za zdravie, po\u017eehnanie<br \/>\npre rodinu<\/td>\n<td style=\"text-align: center; vertical-align: middle;\">&nbsp;<\/p>\n<p>&nbsp;<\/td>\n<\/tr>\n<tr>\n<td style=\"text-align: center; vertical-align: middle;\">Sobota 25.7.<\/td>\n<td style=\"text-align: center; vertical-align: middle;\">Sv\u00e4t\u00e9ho Jakuba, apo\u0161tola<\/p>\n<p>sviatok<\/td>\n<td style=\"text-align: center; vertical-align: middle;\"><\/td>\n<td style=\"text-align: center; vertical-align: middle;\"><strong>8:00<\/strong><\/p>\n<p>za zdravie, po\u017eehnanie<br \/>\npre rodinu<\/td>\n<\/tr>\n<tr>\n<td style=\"text-align: center; vertical-align: middle;\"><strong>Nede\u013ea 26.7.<\/strong><\/td>\n<td style=\"text-align: center; vertical-align: middle;\"><strong>17. nede\u013ea v Cezro\u010dnom obdob\u00ed<\/strong><\/p>\n<p>V\u00a0Ki\u0161ovciach odpustov\u00e1<br \/>\nsl\u00e1vnos\u0165 sv. M\u00e1rie Magdal\u00e9ny<\/td>\n<td style=\"text-align: center; vertical-align: middle;\"><strong>10:00<\/strong><\/p>\n<p>za zdravie, po\u017eehnanie<br \/>\npre Annu Kuba\u013eov\u00fa<\/td>\n<td style=\"text-align: center; vertical-align: middle;\"><strong>8:00<\/strong><\/p>\n<p>za zdravie, po\u017eehnanie pre Annu<\/td>\n<\/tr>\n<\/tbody>\n<\/table>\n<\/div>\n<p>Pozn\u00e1mky:<\/p>\n<ul>\n<li><strong>spovedanie pred odpustom:<\/strong> piatok (Ki\u0161ovce) 15:00 &#8211; 17:00 hod.<\/li>\n<li><strong>odpustov\u00fa sl\u00e1vnos\u0165 sv. M\u00e1rie Magdal\u00e9ny<\/strong> bude celebrova\u0165 vdp. \u013dudov\u00edt Jurek, v\u00fdpomocn\u00fd duchovn\u00fd v\u00a0Poprade.<\/li>\n<li><strong>dary na potreby farnosti:<\/strong>\u00a0<strong>V\u0161etk\u00fdm menovan\u00fdm aj nemenovan\u00fdm darcom P\u00e1n Boh zapla\u0165!<\/strong><\/li>\n<li><a href=\"http:\/\/www.jubileum.kapitula.sk\">www.jubileum.kapitula.sk<\/a><\/li>\n<\/ul>\n<p>&nbsp;<\/p>\n<ul>\n<li>upratovanie kostola v Ki\u0161ovciach &#8211; rod. Ru\u017eovi\u010dov\u00e1 \u010d.d. 170<\/li>\n<li>zbierka na kvety na odpust: 270 \u20ac. P\u00e1n Boh zapla\u0165.<\/li>\n<li>na odpust na\u0161i mimoriadny rozd\u00e1vatelia roznes\u00fa eucharistiu na\u0161im chor\u00fdm domov od 11:30.<\/li>\n<\/ul>\n","protected":false},"excerpt":{"rendered":"<p>d\u00e1tum liturgick\u00fd de\u0148 Ki\u0161ovce Ondrej Nede\u013ea 19.7. 16. nede\u013ea v Cezro\u010dnom obdob\u00ed 8:00 + Anton \u010celin\u00e1k 10:00 + J\u00e1n, Katar\u00edna, Milan Jan\u00e1\u010dek Pondelok 20.7. Pondelok 16. t\u00fd\u017ed\u0148a v Cezro\u010dnom obdob\u00ed 17:00 za \u017eiv\u00e9 a zosnul\u00e9 \u010dlenky ru\u017ee pani Gol\u00e1\u0148ovej &nbsp; &nbsp; Utorok 21.7. Utorok 16. t\u00fd\u017ed\u0148a v Cezro\u010dnom obdob\u00ed &nbsp; &nbsp; 8:00 sv\u00e4t\u00e1 om\u0161a na [&hellip;]<\/p>\n","protected":false},"author":1,"featured_media":0,"comment_status":"open","ping_status":"open","sticky":false,"template":"","format":"standard","meta":{"footnotes":"","_links_to":"","_links_to_target":""},"categories":[6,4],"tags":[],"class_list":["post-8511","post","type-post","status-publish","format-standard","hentry","category-farske-oznamy","category-oznamy"],"_links":{"self":[{"href":"https:\/\/horka.fara.sk\/index.php?rest_route=\/wp\/v2\/posts\/8511","targetHints":{"allow":["GET"]}}],"collection":[{"href":"https:\/\/horka.fara.sk\/index.php?rest_route=\/wp\/v2\/posts"}],"about":[{"href":"https:\/\/horka.fara.sk\/index.php?rest_route=\/wp\/v2\/types\/post"}],"author":[{"embeddable":true,"href":"https:\/\/horka.fara.sk\/index.php?rest_route=\/wp\/v2\/users\/1"}],"replies":[{"embeddable":true,"href":"https:\/\/horka.fara.sk\/index.php?rest_route=%2Fwp%2Fv2%2Fcomments&post=8511"}],"version-history":[{"count":4,"href":"https:\/\/horka.fara.sk\/index.php?rest_route=\/wp\/v2\/posts\/8511\/revisions"}],"predecessor-version":[{"id":8592,"href":"https:\/\/horka.fara.sk\/index.php?rest_route=\/wp\/v2\/posts\/8511\/revisions\/8592"}],"wp:attachment":[{"href":"https:\/\/horka.fara.sk\/index.php?rest_route=%2Fwp%2Fv2%2Fmedia&parent=8511"}],"wp:term":[{"taxonomy":"category","embeddable":true,"href":"https:\/\/horka.fara.sk\/index.php?rest_route=%2Fwp%2Fv2%2Fcategories&post=8511"},{"taxonomy":"post_tag","embeddable":true,"href":"https:\/\/horka.fara.sk\/index.php?rest_route=%2Fwp%2Fv2%2Ftags&post=8511"}],"curies":[{"name":"wp","href":"https:\/\/api.w.org\/{rel}","templated":true}]}}