{"id":8513,"date":"2026-07-26T00:00:29","date_gmt":"2026-07-25T22:00:29","guid":{"rendered":"https:\/\/horka.fara.sk\/?p=8513"},"modified":"2026-07-25T22:41:43","modified_gmt":"2026-07-25T20:41:43","slug":"farske-oznamy-26-7-2-8-2026","status":"publish","type":"post","link":"https:\/\/horka.fara.sk\/?p=8513","title":{"rendered":"Farsk\u00e9 oznamy 26.7.-2.8.2026"},"content":{"rendered":"<div class=\"table-responsive\">\n<table class=\"table table-bordered\">\n<thead>\n<tr>\n<th style=\"text-align: center; vertical-align: middle;\">d\u00e1tum<\/th>\n<th style=\"text-align: center; vertical-align: middle;\">liturgick\u00fd de\u0148<\/th>\n<th style=\"text-align: center; vertical-align: middle;\">Ki\u0161ovce<\/th>\n<th style=\"text-align: center; vertical-align: middle;\">Ondrej<\/th>\n<\/tr>\n<\/thead>\n<tbody>\n<tr>\n<td style=\"text-align: center; vertical-align: middle;\"><strong>Nede\u013ea 26.7.<\/strong><\/td>\n<td style=\"text-align: center; vertical-align: middle;\"><strong>17. nede\u013ea v Cezro\u010dnom obdob\u00ed<\/strong><\/p>\n<p>V Ki\u0161ovciach odpustov\u00e1 sl\u00e1vnos\u0165 sv. M\u00e1rie Magdal\u00e9ny<\/td>\n<td style=\"text-align: center; vertical-align: middle;\"><strong>8:00<\/strong><\/p>\n<p>za zdravie, po\u017eehnanie<br \/>\npre Annu Kuba\u013eov\u00fa<\/td>\n<td style=\"text-align: center; vertical-align: middle;\"><strong>10:00<\/strong><\/p>\n<p>za zdravie, po\u017eehnanie<br \/>\npre Annu Bajnokov\u00fa<\/td>\n<\/tr>\n<tr>\n<td style=\"text-align: center; vertical-align: middle;\">Pondelok 27.7.<\/td>\n<td style=\"text-align: center; vertical-align: middle;\">Sv\u00e4t\u00fdch Gorazda a spolo\u010dn\u00edkov<\/p>\n<p>spomienka<\/td>\n<td style=\"text-align: center; vertical-align: middle;\"><strong>17:00<\/strong><\/p>\n<p>za zomrel\u00fdch z rodiny \u010eanovskej<\/td>\n<td style=\"text-align: center; vertical-align: middle;\">&nbsp;<\/p>\n<p>&nbsp;<\/td>\n<\/tr>\n<tr>\n<td style=\"text-align: center; vertical-align: middle;\">Utorok 28.7.<\/td>\n<td style=\"text-align: center; vertical-align: middle;\">Utorok 17. t\u00fd\u017ed\u0148a v Cezro\u010dnom obdob\u00ed<\/td>\n<td style=\"text-align: center; vertical-align: middle;\">&nbsp;<\/p>\n<p>&nbsp;<\/td>\n<td style=\"text-align: center; vertical-align: middle;\"><strong>17:00<\/strong><\/p>\n<p>+ Martin \u0160imkovi\u010d<\/td>\n<\/tr>\n<tr>\n<td style=\"text-align: center; vertical-align: middle;\">Streda 29.7.<\/td>\n<td style=\"text-align: center; vertical-align: middle;\">Sv\u00e4t\u00fdch Marty, M\u00e1rie a Laz\u00e1ra<\/p>\n<p>spomienka<\/td>\n<td style=\"text-align: center; vertical-align: middle;\"><strong>8:00<\/strong><\/p>\n<p>za zomrel\u00fdch z rodiny Zem\u010d\u00e1kovej<\/td>\n<td style=\"text-align: center; vertical-align: middle;\"><\/td>\n<\/tr>\n<tr>\n<td style=\"text-align: center; vertical-align: middle;\">\u0160tvrtok 30.7.<\/td>\n<td style=\"text-align: center; vertical-align: middle;\">\u0160tvrtok 17. t\u00fd\u017ed\u0148a v Cezro\u010dnom obdob\u00ed<\/td>\n<td style=\"text-align: center; vertical-align: middle;\">&nbsp;<\/p>\n<p>&nbsp;<\/td>\n<td style=\"text-align: center; vertical-align: middle;\"><strong>17:00<\/strong><\/p>\n<p>+ Anna, Michal Gre\u0161o<\/td>\n<\/tr>\n<tr>\n<td style=\"text-align: center; vertical-align: middle;\">Piatok 31.7.<\/td>\n<td style=\"text-align: center; vertical-align: middle;\">Sv\u00e4t\u00e9ho Ign\u00e1ca z Loyoly, k\u0148aza<\/p>\n<p>spomienka<\/td>\n<td style=\"text-align: center; vertical-align: middle;\"><strong>17:00<\/strong><\/p>\n<p>+ Bo\u017eena, Anton\u00edn, J\u00falia<\/td>\n<td style=\"text-align: center; vertical-align: middle;\">&nbsp;<\/p>\n<p>&nbsp;<\/td>\n<\/tr>\n<tr>\n<td style=\"text-align: center; vertical-align: middle;\">Sobota 1.8.<\/td>\n<td style=\"text-align: center; vertical-align: middle;\">Sv\u00e4t\u00e9ho Alfonza M\u00e1riu de\u2019 Liguori, biskupa a u\u010dite\u013ea Cirkvi<\/p>\n<p>spomienka<\/td>\n<td style=\"text-align: center; vertical-align: middle;\"><\/td>\n<td style=\"text-align: center; vertical-align: middle;\"><strong>8:00<\/strong><\/p>\n<p>za zomrel\u00fdch z rodiny Gajovej<\/td>\n<\/tr>\n<tr>\n<td style=\"text-align: center; vertical-align: middle;\"><strong>Nede\u013ea 2.8.<\/strong><\/td>\n<td style=\"text-align: center; vertical-align: middle;\"><strong>18. nede\u013ea v Cezro\u010dnom obdob\u00ed<\/strong><\/p>\n<p>Porciunkula<\/td>\n<td style=\"text-align: center; vertical-align: middle;\"><strong>8:00<\/strong><\/p>\n<p>po\u010fakovanie za 50<br \/>\nrokov man\u017eelstva<\/td>\n<td style=\"text-align: center; vertical-align: middle;\"><strong>10:00<\/strong><\/p>\n<p>za zomrel\u00fdch z rodiny Chorovskej<\/td>\n<\/tr>\n<\/tbody>\n<\/table>\n<\/div>\n<p>Pozn\u00e1mky:<\/p>\n<ul>\n<li><strong>odpustky Porciunkuly:<\/strong> \u00fapln\u00e9 odpustky m\u00f4\u017ee z\u00edska\u0165 za zvy\u010dajn\u00fdch podmienok ka\u017ed\u00fd, kto sa pomodl\u00ed Ot\u010de n\u00e1\u0161, Ver\u00edm v Boha, po\u010das n\u00e1v\u0161tevy baziliky, katedr\u00e1lneho, farsk\u00e9ho kostola. Tieto odpustky mo\u017eno z\u00edska\u0165 aj vo franti\u0161k\u00e1nskych kostoloch.<\/li>\n<li><strong>dary na potreby farnosti:<\/strong>\u00a0<strong>V\u0161etk\u00fdm menovan\u00fdm aj nemenovan\u00fdm darcom P\u00e1n Boh zapla\u0165!<\/strong><\/li>\n<li><a href=\"http:\/\/www.jubileum.kapitula.sk\">www.jubileum.kapitula.sk<\/a><\/li>\n<\/ul>\n","protected":false},"excerpt":{"rendered":"<p>d\u00e1tum liturgick\u00fd de\u0148 Ki\u0161ovce Ondrej Nede\u013ea 26.7. 17. nede\u013ea v Cezro\u010dnom obdob\u00ed V Ki\u0161ovciach odpustov\u00e1 sl\u00e1vnos\u0165 sv. M\u00e1rie Magdal\u00e9ny 8:00 za zdravie, po\u017eehnanie pre Annu Kuba\u013eov\u00fa 10:00 za zdravie, po\u017eehnanie pre Annu Bajnokov\u00fa Pondelok 27.7. Sv\u00e4t\u00fdch Gorazda a spolo\u010dn\u00edkov spomienka 17:00 za zomrel\u00fdch z rodiny \u010eanovskej &nbsp; &nbsp; Utorok 28.7. Utorok 17. t\u00fd\u017ed\u0148a v Cezro\u010dnom [&hellip;]<\/p>\n","protected":false},"author":1,"featured_media":0,"comment_status":"open","ping_status":"open","sticky":false,"template":"","format":"standard","meta":{"footnotes":"","_links_to":"","_links_to_target":""},"categories":[6,4],"tags":[],"class_list":["post-8513","post","type-post","status-publish","format-standard","hentry","category-farske-oznamy","category-oznamy"],"_links":{"self":[{"href":"https:\/\/horka.fara.sk\/index.php?rest_route=\/wp\/v2\/posts\/8513","targetHints":{"allow":["GET"]}}],"collection":[{"href":"https:\/\/horka.fara.sk\/index.php?rest_route=\/wp\/v2\/posts"}],"about":[{"href":"https:\/\/horka.fara.sk\/index.php?rest_route=\/wp\/v2\/types\/post"}],"author":[{"embeddable":true,"href":"https:\/\/horka.fara.sk\/index.php?rest_route=\/wp\/v2\/users\/1"}],"replies":[{"embeddable":true,"href":"https:\/\/horka.fara.sk\/index.php?rest_route=%2Fwp%2Fv2%2Fcomments&post=8513"}],"version-history":[{"count":2,"href":"https:\/\/horka.fara.sk\/index.php?rest_route=\/wp\/v2\/posts\/8513\/revisions"}],"predecessor-version":[{"id":8638,"href":"https:\/\/horka.fara.sk\/index.php?rest_route=\/wp\/v2\/posts\/8513\/revisions\/8638"}],"wp:attachment":[{"href":"https:\/\/horka.fara.sk\/index.php?rest_route=%2Fwp%2Fv2%2Fmedia&parent=8513"}],"wp:term":[{"taxonomy":"category","embeddable":true,"href":"https:\/\/horka.fara.sk\/index.php?rest_route=%2Fwp%2Fv2%2Fcategories&post=8513"},{"taxonomy":"post_tag","embeddable":true,"href":"https:\/\/horka.fara.sk\/index.php?rest_route=%2Fwp%2Fv2%2Ftags&post=8513"}],"curies":[{"name":"wp","href":"https:\/\/api.w.org\/{rel}","templated":true}]}}