{"id":8515,"date":"2026-08-02T00:00:13","date_gmt":"2026-08-01T22:00:13","guid":{"rendered":"https:\/\/horka.fara.sk\/?p=8515"},"modified":"2026-08-02T00:35:58","modified_gmt":"2026-08-01T22:35:58","slug":"farske-oznamy-2-8-9-8-2026","status":"publish","type":"post","link":"https:\/\/horka.fara.sk\/?p=8515","title":{"rendered":"Farsk\u00e9 oznamy 2.8.-9.8.2026"},"content":{"rendered":"<div class=\"table-responsive\">\n<table class=\"table table-bordered\">\n<thead>\n<tr>\n<th style=\"text-align: center; vertical-align: middle;\">d\u00e1tum<\/th>\n<th style=\"text-align: center; vertical-align: middle;\">liturgick\u00fd de\u0148<\/th>\n<th style=\"text-align: center; vertical-align: middle;\">Ki\u0161ovce<\/th>\n<th style=\"text-align: center; vertical-align: middle;\">Ondrej<\/th>\n<\/tr>\n<\/thead>\n<tbody>\n<tr>\n<td style=\"text-align: center; vertical-align: middle;\"><strong>Nede\u013ea 2.8.<\/strong><\/td>\n<td style=\"text-align: center; vertical-align: middle;\">18. nede\u013ea v Cezro\u010dnom obdob\u00ed<\/p>\n<p>Porciunkula<\/td>\n<td style=\"text-align: center; vertical-align: middle;\"><strong>8:00<\/strong><\/p>\n<p>po\u010fakovanie za 50<br \/>\nrokov man\u017eelstva<\/td>\n<td style=\"text-align: center; vertical-align: middle;\"><strong>10:00<\/strong><\/p>\n<p>za zomrel\u00fdch z rodiny<br \/>\nChorovskej<\/td>\n<\/tr>\n<tr>\n<td style=\"text-align: center; vertical-align: middle;\">Pondelok 3.8.<\/td>\n<td style=\"text-align: center; vertical-align: middle;\">Pondelok 18. t\u00fd\u017ed\u0148a v Cezro\u010dnom obdob\u00ed<\/td>\n<td style=\"text-align: center; vertical-align: middle;\"><strong>17:00<\/strong><\/p>\n<p>+ Mari\u00e1n<\/td>\n<td style=\"text-align: center; vertical-align: middle;\">&nbsp;<\/p>\n<p>&nbsp;<\/td>\n<\/tr>\n<tr>\n<td style=\"text-align: center; vertical-align: middle;\">Utorok 4.8.<\/td>\n<td style=\"text-align: center; vertical-align: middle;\">Sv\u00e4t\u00e9ho J\u00e1na M\u00e1riu Vianneya, k\u0148aza<\/p>\n<p>spomienka<\/td>\n<td style=\"text-align: center; vertical-align: middle;\">&nbsp;<\/p>\n<p>&nbsp;<\/td>\n<td style=\"text-align: center; vertical-align: middle;\"><strong>17:00<\/strong><\/p>\n<p>za zdravie, po\u017eehnanie pre J\u00e1na<\/td>\n<\/tr>\n<tr>\n<td style=\"text-align: center; vertical-align: middle;\">Streda 5.8.<\/td>\n<td style=\"text-align: center; vertical-align: middle;\">Streda 18. t\u00fd\u017ed\u0148a v Cezro\u010dnom obdob\u00ed<\/td>\n<td style=\"text-align: center; vertical-align: middle;\"><strong>7:00<\/strong><\/p>\n<p>za zdravie, po\u017eehnanie pre rodinu<\/td>\n<td style=\"text-align: center; vertical-align: middle;\"><\/td>\n<\/tr>\n<tr>\n<td style=\"text-align: center; vertical-align: middle;\">\u0160tvrtok 6.8.<\/td>\n<td style=\"text-align: center; vertical-align: middle;\">Premenenie P\u00e1na<\/p>\n<p>sviatok<\/td>\n<td style=\"text-align: center; vertical-align: middle;\">&nbsp;<\/p>\n<p>&nbsp;<\/td>\n<td style=\"text-align: center; vertical-align: middle;\"><strong>17:00<\/strong><\/p>\n<p>+ \u0160tefan, M\u00e1ria, Pavol Melioris<\/td>\n<\/tr>\n<tr>\n<td style=\"text-align: center; vertical-align: middle;\">Piatok 7.8.<\/td>\n<td style=\"text-align: center; vertical-align: middle;\">Piatok 18. t\u00fd\u017ed\u0148a v Cezro\u010dnom obdob\u00ed<\/td>\n<td style=\"text-align: center; vertical-align: middle;\"><strong>17:00<\/strong><\/p>\n<p>+ Jozef, M\u00e1ria Lipt\u00e1k<\/td>\n<td style=\"text-align: center; vertical-align: middle;\"><strong>18:00<\/strong><\/p>\n<p>+ Milan Marko<\/td>\n<\/tr>\n<tr>\n<td style=\"text-align: center; vertical-align: middle;\">Sobota 8.8.<\/td>\n<td style=\"text-align: center; vertical-align: middle;\">Sv\u00e4t\u00e9ho Dominika, k\u0148aza<\/p>\n<p>spomienka<\/td>\n<td style=\"text-align: center; vertical-align: middle;\"><\/td>\n<td style=\"text-align: center; vertical-align: middle;\"><strong>8:00<\/strong><\/p>\n<p>+ Milan, Milan Remi\u00e1\u0161<\/p>\n<p><strong>14:00<\/strong><\/p>\n<p>sob\u00e1\u0161: Spi\u0161\u00e1k, Neupauerov\u00e1<\/td>\n<\/tr>\n<tr>\n<td style=\"text-align: center; vertical-align: middle;\"><strong>Nede\u013ea 9.8.<\/strong><\/td>\n<td style=\"text-align: center; vertical-align: middle;\">19. nede\u013ea v Cezro\u010dnom obdob\u00ed<\/td>\n<td style=\"text-align: center; vertical-align: middle;\"><strong>8:00<\/strong><\/p>\n<p>+ Aur\u00e9lia, Alojz<\/td>\n<td style=\"text-align: center; vertical-align: middle;\"><strong>10:00<\/strong><\/p>\n<p>sv\u00e4t\u00e1 om\u0161a na \u00famysel<\/td>\n<\/tr>\n<\/tbody>\n<\/table>\n<\/div>\n<p>Pozn\u00e1mky:<\/p>\n<ul>\n<li><strong>Odpustky Porciunkuly:<\/strong> \u00dapln\u00e9 odpustky m\u00f4\u017ee z\u00edska\u0165 za zvy\u010dajn\u00fdch podmienok ka\u017ed\u00fd, kto sa pomodl\u00ed Ot\u010de n\u00e1\u0161, Ver\u00edm v Boha, po\u010das n\u00e1v\u0161tevy baziliky, katedr\u00e1lneho, farsk\u00e9ho kostola. Tieto odpustky mo\u017eno z\u00edska\u0165 aj vo franti\u0161k\u00e1nskych kostoloch.<\/li>\n<li>v tomto t\u00fd\u017edni je <strong>1. piatok v mesiaci august<\/strong>\n<ul>\n<li><strong>spovedanie v Ki\u0161ovciach:<\/strong> pondelok, piatok 16:00 &#8211; 17:00 hod.<\/li>\n<li><strong>spovedanie v Ondreji:<\/strong> utorok, \u0161tvrtok 16:00 &#8211; 17:00 hod.<\/li>\n<li><strong>n\u00e1v\u0161teva chor\u00fdch:<\/strong> piatok 8:00 &#8211; 11:00 hod.<\/li>\n<\/ul>\n<\/li>\n<li><strong>dary na potreby farnosti:<\/strong>\u00a0<strong>V\u0161etk\u00fdm menovan\u00fdm aj nemenovan\u00fdm darcom P\u00e1n Boh zapla\u0165!<\/strong><\/li>\n<li><a href=\"http:\/\/www.jubileum.kapitula.sk\">www.jubileum.kapitula.sk<\/a><\/li>\n<\/ul>\n","protected":false},"excerpt":{"rendered":"<p>d\u00e1tum liturgick\u00fd de\u0148 Ki\u0161ovce Ondrej Nede\u013ea 2.8. 18. nede\u013ea v Cezro\u010dnom obdob\u00ed Porciunkula 8:00 po\u010fakovanie za 50 rokov man\u017eelstva 10:00 za zomrel\u00fdch z rodiny Chorovskej Pondelok 3.8. Pondelok 18. t\u00fd\u017ed\u0148a v Cezro\u010dnom obdob\u00ed 17:00 + Mari\u00e1n &nbsp; &nbsp; Utorok 4.8. Sv\u00e4t\u00e9ho J\u00e1na M\u00e1riu Vianneya, k\u0148aza spomienka &nbsp; &nbsp; 17:00 za zdravie, po\u017eehnanie pre J\u00e1na Streda [&hellip;]<\/p>\n","protected":false},"author":1,"featured_media":0,"comment_status":"open","ping_status":"open","sticky":false,"template":"","format":"standard","meta":{"footnotes":"","_links_to":"","_links_to_target":""},"categories":[6,4],"tags":[],"class_list":["post-8515","post","type-post","status-publish","format-standard","hentry","category-farske-oznamy","category-oznamy"],"_links":{"self":[{"href":"https:\/\/horka.fara.sk\/index.php?rest_route=\/wp\/v2\/posts\/8515","targetHints":{"allow":["GET"]}}],"collection":[{"href":"https:\/\/horka.fara.sk\/index.php?rest_route=\/wp\/v2\/posts"}],"about":[{"href":"https:\/\/horka.fara.sk\/index.php?rest_route=\/wp\/v2\/types\/post"}],"author":[{"embeddable":true,"href":"https:\/\/horka.fara.sk\/index.php?rest_route=\/wp\/v2\/users\/1"}],"replies":[{"embeddable":true,"href":"https:\/\/horka.fara.sk\/index.php?rest_route=%2Fwp%2Fv2%2Fcomments&post=8515"}],"version-history":[{"count":3,"href":"https:\/\/horka.fara.sk\/index.php?rest_route=\/wp\/v2\/posts\/8515\/revisions"}],"predecessor-version":[{"id":8701,"href":"https:\/\/horka.fara.sk\/index.php?rest_route=\/wp\/v2\/posts\/8515\/revisions\/8701"}],"wp:attachment":[{"href":"https:\/\/horka.fara.sk\/index.php?rest_route=%2Fwp%2Fv2%2Fmedia&parent=8515"}],"wp:term":[{"taxonomy":"category","embeddable":true,"href":"https:\/\/horka.fara.sk\/index.php?rest_route=%2Fwp%2Fv2%2Fcategories&post=8515"},{"taxonomy":"post_tag","embeddable":true,"href":"https:\/\/horka.fara.sk\/index.php?rest_route=%2Fwp%2Fv2%2Ftags&post=8515"}],"curies":[{"name":"wp","href":"https:\/\/api.w.org\/{rel}","templated":true}]}}