{"id":8517,"date":"2026-08-09T00:00:57","date_gmt":"2026-08-08T22:00:57","guid":{"rendered":"https:\/\/horka.fara.sk\/?p=8517"},"modified":"2026-08-08T23:16:28","modified_gmt":"2026-08-08T21:16:28","slug":"farske-oznamy-9-8-16-8-2026","status":"publish","type":"post","link":"https:\/\/horka.fara.sk\/?p=8517","title":{"rendered":"Farsk\u00e9 oznamy 9.8.-16.8.2026"},"content":{"rendered":"<div class=\"table-responsive\">\n<table class=\"table table-bordered\">\n<thead>\n<tr>\n<th style=\"text-align: center; vertical-align: middle;\">d\u00e1tum<\/th>\n<th style=\"text-align: center; vertical-align: middle;\">liturgick\u00fd de\u0148<\/th>\n<th style=\"text-align: center; vertical-align: middle;\">Ki\u0161ovce<\/th>\n<th style=\"text-align: center; vertical-align: middle;\">Ondrej<\/th>\n<\/tr>\n<\/thead>\n<tbody>\n<tr>\n<td style=\"text-align: center; vertical-align: middle;\"><strong>Nede\u013ea 9.8.<\/strong><\/td>\n<td style=\"text-align: center; vertical-align: middle;\">19. nede\u013ea v Cezro\u010dnom obdob\u00ed<\/td>\n<td style=\"text-align: center; vertical-align: middle;\"><strong>8:00<\/strong><\/p>\n<p>+ Aur\u00e9lia, Alojz<\/td>\n<td style=\"text-align: center; vertical-align: middle;\"><strong>10:00<\/strong><\/p>\n<p>sv\u00e4t\u00e1 om\u0161a na \u00famysel<\/td>\n<\/tr>\n<tr>\n<td style=\"text-align: center; vertical-align: middle;\">Pondelok 10.8.<\/td>\n<td style=\"text-align: center; vertical-align: middle;\">Sv\u00e4t\u00e9ho Vavrinca, diakona a mu\u010den\u00edka<\/p>\n<p>sviatok<\/td>\n<td style=\"text-align: center; vertical-align: middle;\"><strong>17:00<\/strong><\/p>\n<p>+ Margita, Jozef Pavli\u010dko<\/td>\n<td style=\"text-align: center; vertical-align: middle;\">&nbsp;<\/p>\n<p>&nbsp;<\/td>\n<\/tr>\n<tr>\n<td style=\"text-align: center; vertical-align: middle;\">Utorok 11.8.<\/td>\n<td style=\"text-align: center; vertical-align: middle;\">Sv\u00e4tej Kl\u00e1ry, panny<\/p>\n<p>spomienka<\/td>\n<td style=\"text-align: center; vertical-align: middle;\">&nbsp;<\/p>\n<p>&nbsp;<\/td>\n<td style=\"text-align: center; vertical-align: middle;\"><strong>17:00<\/strong><\/p>\n<p>+ Katar\u00edna, Jozef Lacu\u0161<\/td>\n<\/tr>\n<tr>\n<td style=\"text-align: center; vertical-align: middle;\">Streda 12.8.<\/td>\n<td style=\"text-align: center; vertical-align: middle;\">Streda 19. t\u00fd\u017ed\u0148a v Cezro\u010dnom obdob\u00ed<\/td>\n<td style=\"text-align: center; vertical-align: middle;\"><strong>8:00<\/strong><\/p>\n<p>za zdravie, po\u017eehnanie pre Vladim\u00edra, Miroslava<\/td>\n<td style=\"text-align: center; vertical-align: middle;\"><\/td>\n<\/tr>\n<tr>\n<td style=\"text-align: center; vertical-align: middle;\">\u0160tvrtok 13.8.<\/td>\n<td style=\"text-align: center; vertical-align: middle;\">\u0160tvrtok 19. t\u00fd\u017ed\u0148a v Cezro\u010dnom obdob\u00ed<\/td>\n<td style=\"text-align: center; vertical-align: middle;\">&nbsp;<\/p>\n<p>&nbsp;<\/td>\n<td style=\"text-align: center; vertical-align: middle;\"><strong>17:00<\/strong><\/p>\n<p>+ J\u00e1n D\u00e1vid<\/td>\n<\/tr>\n<tr>\n<td style=\"text-align: center; vertical-align: middle;\">Piatok 14.8.<\/td>\n<td style=\"text-align: center; vertical-align: middle;\">Vig\u00edlia <strong>Nanebovzatia Panny M\u00e1rie<\/strong><\/p>\n<p>sl\u00e1vnos\u0165<\/p>\n<p>prik\u00e1zan\u00fd sviatok<\/td>\n<td style=\"text-align: center; vertical-align: middle;\"><strong>17:00<\/strong><\/p>\n<p>+ Karol Dren\u010d\u00e9ny<\/td>\n<td style=\"text-align: center; vertical-align: middle;\">&nbsp;<\/p>\n<p>&nbsp;<\/td>\n<\/tr>\n<tr>\n<td style=\"text-align: center; vertical-align: middle;\">Sobota 15.8.<\/td>\n<td style=\"text-align: center; vertical-align: middle;\"><strong>Nanebovzatie preblahoslavenej Panny M\u00e1rie<\/strong><\/p>\n<p>sl\u00e1vnos\u0165<\/p>\n<p>prik\u00e1zan\u00fd sviatok<\/td>\n<td style=\"text-align: center; vertical-align: middle;\"><\/td>\n<td style=\"text-align: center; vertical-align: middle;\"><strong>8:00<\/strong><\/p>\n<p>za zdravie, po\u017eehnanie pre rodinu Silvie Meliorisovej<\/td>\n<\/tr>\n<tr>\n<td style=\"text-align: center; vertical-align: middle;\"><strong>Nede\u013ea 16.8.<\/strong><\/td>\n<td style=\"text-align: center; vertical-align: middle;\">20. nede\u013ea v Cezro\u010dnom obdob\u00ed<\/td>\n<td style=\"text-align: center; vertical-align: middle;\"><strong>8:00<\/strong><\/p>\n<p>+ Andrej Drib\u0148\u00e1k<\/td>\n<td style=\"text-align: center; vertical-align: middle;\"><strong>10:00<\/strong><\/p>\n<p>za zdravie, po\u017eehnanie pre Zuzanu<\/td>\n<\/tr>\n<\/tbody>\n<\/table>\n<\/div>\n<p>Pozn\u00e1mky:<\/p>\n<ul>\n<li>po\u010das sv\u00e4t\u00fdch om\u0161\u00ed zo sl\u00e1vnosti Nanebovzatia Panny M\u00e1rie, pod\u013ea star\u00e9ho zvyku <strong>po\u017eehn\u00e1m byliny a kvety<\/strong>, ktor\u00e9 si m\u00f4\u017eete prinies\u0165 do kostola.<\/li>\n<li><strong>dary na potreby farnosti:<\/strong>\u00a0<strong>V\u0161etk\u00fdm menovan\u00fdm aj nemenovan\u00fdm darcom P\u00e1n Boh zapla\u0165!<\/strong><\/li>\n<li><a href=\"http:\/\/www.jubileum.kapitula.sk\">www.jubileum.kapitula.sk<\/a><\/li>\n<\/ul>\n","protected":false},"excerpt":{"rendered":"<p>d\u00e1tum liturgick\u00fd de\u0148 Ki\u0161ovce Ondrej Nede\u013ea 9.8. 19. nede\u013ea v Cezro\u010dnom obdob\u00ed 8:00 + Aur\u00e9lia, Alojz 10:00 sv\u00e4t\u00e1 om\u0161a na \u00famysel Pondelok 10.8. Sv\u00e4t\u00e9ho Vavrinca, diakona a mu\u010den\u00edka sviatok 17:00 + Margita, Jozef Pavli\u010dko &nbsp; &nbsp; Utorok 11.8. Sv\u00e4tej Kl\u00e1ry, panny spomienka &nbsp; &nbsp; 17:00 + Katar\u00edna, Jozef Lacu\u0161 Streda 12.8. Streda 19. t\u00fd\u017ed\u0148a v [&hellip;]<\/p>\n","protected":false},"author":1,"featured_media":0,"comment_status":"open","ping_status":"open","sticky":false,"template":"","format":"standard","meta":{"footnotes":"","_links_to":"","_links_to_target":""},"categories":[6,4],"tags":[],"class_list":["post-8517","post","type-post","status-publish","format-standard","hentry","category-farske-oznamy","category-oznamy"],"_links":{"self":[{"href":"https:\/\/horka.fara.sk\/index.php?rest_route=\/wp\/v2\/posts\/8517","targetHints":{"allow":["GET"]}}],"collection":[{"href":"https:\/\/horka.fara.sk\/index.php?rest_route=\/wp\/v2\/posts"}],"about":[{"href":"https:\/\/horka.fara.sk\/index.php?rest_route=\/wp\/v2\/types\/post"}],"author":[{"embeddable":true,"href":"https:\/\/horka.fara.sk\/index.php?rest_route=\/wp\/v2\/users\/1"}],"replies":[{"embeddable":true,"href":"https:\/\/horka.fara.sk\/index.php?rest_route=%2Fwp%2Fv2%2Fcomments&post=8517"}],"version-history":[{"count":5,"href":"https:\/\/horka.fara.sk\/index.php?rest_route=\/wp\/v2\/posts\/8517\/revisions"}],"predecessor-version":[{"id":8721,"href":"https:\/\/horka.fara.sk\/index.php?rest_route=\/wp\/v2\/posts\/8517\/revisions\/8721"}],"wp:attachment":[{"href":"https:\/\/horka.fara.sk\/index.php?rest_route=%2Fwp%2Fv2%2Fmedia&parent=8517"}],"wp:term":[{"taxonomy":"category","embeddable":true,"href":"https:\/\/horka.fara.sk\/index.php?rest_route=%2Fwp%2Fv2%2Fcategories&post=8517"},{"taxonomy":"post_tag","embeddable":true,"href":"https:\/\/horka.fara.sk\/index.php?rest_route=%2Fwp%2Fv2%2Ftags&post=8517"}],"curies":[{"name":"wp","href":"https:\/\/api.w.org\/{rel}","templated":true}]}}