{"id":8519,"date":"2026-08-16T00:00:45","date_gmt":"2026-08-15T22:00:45","guid":{"rendered":"https:\/\/horka.fara.sk\/?p=8519"},"modified":"2026-08-15T22:05:26","modified_gmt":"2026-08-15T20:05:26","slug":"farske-oznamy-16-8-23-8-2026","status":"publish","type":"post","link":"https:\/\/horka.fara.sk\/?p=8519","title":{"rendered":"Farsk\u00e9 oznamy 16.8.-23.8.2026"},"content":{"rendered":"<div class=\"table-responsive\">\n<table class=\"table table-bordered\">\n<thead>\n<tr>\n<th style=\"text-align: center; vertical-align: middle;\">d\u00e1tum<\/th>\n<th style=\"text-align: center; vertical-align: middle;\">liturgick\u00fd de\u0148<\/th>\n<th style=\"text-align: center; vertical-align: middle;\">Ki\u0161ovce<\/th>\n<th style=\"text-align: center; vertical-align: middle;\">Ondrej<\/th>\n<\/tr>\n<\/thead>\n<tbody>\n<tr>\n<td style=\"text-align: center; vertical-align: middle;\"><strong>Nede\u013ea 16.8.<\/strong><\/td>\n<td style=\"text-align: center; vertical-align: middle;\"><strong>20. nede\u013ea v Cezro\u010dnom obdob\u00ed<\/strong><\/td>\n<td style=\"text-align: center; vertical-align: middle;\"><strong>8:00<\/strong><\/p>\n<p>+ Andrej Drib\u0148\u00e1k<\/td>\n<td style=\"text-align: center; vertical-align: middle;\"><strong>10:00<\/strong><\/p>\n<p>za zdravie, po\u017eehnanie<br \/>\npre Zuzanu<\/td>\n<\/tr>\n<tr>\n<td style=\"text-align: center; vertical-align: middle;\">Pondelok 17.8.<\/td>\n<td style=\"text-align: center; vertical-align: middle;\">Pondelok 20. t\u00fd\u017ed\u0148a v Cezro\u010dnom obdob\u00ed<\/td>\n<td style=\"text-align: center; vertical-align: middle;\"><strong>17:00<\/strong><\/p>\n<p>+ Helena, J\u00e1n Pito\u0148\u00e1k<\/td>\n<td style=\"text-align: center; vertical-align: middle;\">&nbsp;<\/p>\n<p>&nbsp;<\/td>\n<\/tr>\n<tr>\n<td style=\"text-align: center; vertical-align: middle;\">Utorok 18.8.<\/td>\n<td style=\"text-align: center; vertical-align: middle;\">Utorok 20. t\u00fd\u017ed\u0148a v Cezro\u010dnom obdob\u00ed<\/td>\n<td style=\"text-align: center; vertical-align: middle;\">&nbsp;<\/p>\n<p>&nbsp;<\/td>\n<td style=\"text-align: center; vertical-align: middle;\"><strong>17:00<\/strong><\/p>\n<p>+ M\u00e1ria, Ondrej Kolodzej<\/td>\n<\/tr>\n<tr>\n<td style=\"text-align: center; vertical-align: middle;\">Streda 19.8.<\/td>\n<td style=\"text-align: center; vertical-align: middle;\">Streda 20. t\u00fd\u017ed\u0148a v Cezro\u010dnom obdob\u00ed<\/td>\n<td style=\"text-align: center; vertical-align: middle;\"><strong>8:00<\/strong><\/p>\n<p>za zdravie, po\u017eehnanie<br \/>\npre L\u00fddiu a Andreja<\/td>\n<td style=\"text-align: center; vertical-align: middle;\"><\/td>\n<\/tr>\n<tr>\n<td style=\"text-align: center; vertical-align: middle;\">\u0160tvrtok 20.8.<\/td>\n<td style=\"text-align: center; vertical-align: middle;\">Sv\u00e4t\u00e9ho Bernarda, op\u00e1ta a u\u010dite\u013ea Cirkvi<\/p>\n<p>spomienka<\/td>\n<td style=\"text-align: center; vertical-align: middle;\">&nbsp;<\/p>\n<p>&nbsp;<\/td>\n<td style=\"text-align: center; vertical-align: middle;\"><strong>17:00<\/strong><\/p>\n<p>+ Martin \u0160imkovi\u010d<\/td>\n<\/tr>\n<tr>\n<td style=\"text-align: center; vertical-align: middle;\">Piatok 21.8.<\/td>\n<td style=\"text-align: center; vertical-align: middle;\">Sv\u00e4t\u00e9ho Pia X., p\u00e1pe\u017ea<\/p>\n<p>spomienka<\/td>\n<td style=\"text-align: center; vertical-align: middle;\"><strong>17:00<\/strong><\/p>\n<p>+ Jolana Budzov\u00e1<\/td>\n<td style=\"text-align: center; vertical-align: middle;\">&nbsp;<\/p>\n<p>&nbsp;<\/td>\n<\/tr>\n<tr>\n<td style=\"text-align: center; vertical-align: middle;\">Sobota 22.8.<\/td>\n<td style=\"text-align: center; vertical-align: middle;\">Preblahoslavenej Panny M\u00e1rie Kr\u00e1\u013eovnej<\/p>\n<p>spomienka<\/td>\n<td style=\"text-align: center; vertical-align: middle;\"><\/td>\n<td style=\"text-align: center; vertical-align: middle;\"><strong>8:00<\/strong><\/p>\n<p>za zomrel\u00fdch z rodiny<br \/>\nKraj\u0148\u00e1kovej a Krol\u00e1kovej<\/td>\n<\/tr>\n<tr>\n<td style=\"text-align: center; vertical-align: middle;\"><strong>Nede\u013ea 23.8.<\/strong><\/td>\n<td style=\"text-align: center; vertical-align: middle;\"><strong>21. nede\u013ea v Cezro\u010dnom obdob\u00ed<\/strong><\/td>\n<td style=\"text-align: center; vertical-align: middle;\"><strong>8:00<\/strong><\/p>\n<p>+ M\u00e1ria, J\u00e1n Slebodn\u00edk<\/td>\n<td style=\"text-align: center; vertical-align: middle;\"><strong>10:00<\/strong><\/p>\n<p>+ Jozef Bonk<\/td>\n<\/tr>\n<\/tbody>\n<\/table>\n<\/div>\n<p>Pozn\u00e1mky:<\/p>\n<ul>\n<li><strong>\u00famysly sv\u00e4t\u00fdch om\u0161\u00ed na mesiac september<\/strong> si m\u00f4\u017eete hl\u00e1si\u0165 od pondelka v sakristi\u00e1ch na\u0161ich kostolov.<\/li>\n<li>d\u0148a 29.8. (sobota) sa uskuto\u010dn\u00ed <strong>De\u0148 farnosti H\u00f4rka<\/strong> v z\u00e1hrade Farsk\u00e9ho \u00faradu. Ako hostia vyst\u00fapia s\u00farodenci Meliorisovci. V pr\u00edpade extr\u00e9mne nepriazniv\u00e9ho po\u010dasia sa t\u00e1to akcia posunie na 5.9. (sobota), s t\u00fdm ist\u00fdm programom. Predpokladan\u00fd za\u010diatok o 13:00 hod. <strong>V\u0161etci ste srde\u010dne pozvan\u00ed!<\/strong><\/li>\n<li><strong>dary na potreby farnosti:<\/strong> zo sob\u00e1\u0161a Spi\u0161\u00e1k, Neupauerov\u00e1 100 \u20ac. <strong>V\u0161etk\u00fdm menovan\u00fdm aj nemenovan\u00fdm darcom P\u00e1n Boh zapla\u0165!<\/strong><\/li>\n<li><a href=\"http:\/\/www.jubileum.kapitula.sk\">www.jubileum.kapitula.sk<\/a><\/li>\n<\/ul>\n","protected":false},"excerpt":{"rendered":"<p>d\u00e1tum liturgick\u00fd de\u0148 Ki\u0161ovce Ondrej Nede\u013ea 16.8. 20. nede\u013ea v Cezro\u010dnom obdob\u00ed 8:00 + Andrej Drib\u0148\u00e1k 10:00 za zdravie, po\u017eehnanie pre Zuzanu Pondelok 17.8. Pondelok 20. t\u00fd\u017ed\u0148a v Cezro\u010dnom obdob\u00ed 17:00 + Helena, J\u00e1n Pito\u0148\u00e1k &nbsp; &nbsp; Utorok 18.8. Utorok 20. t\u00fd\u017ed\u0148a v Cezro\u010dnom obdob\u00ed &nbsp; &nbsp; 17:00 + M\u00e1ria, Ondrej Kolodzej Streda 19.8. Streda [&hellip;]<\/p>\n","protected":false},"author":1,"featured_media":0,"comment_status":"open","ping_status":"open","sticky":false,"template":"","format":"standard","meta":{"footnotes":"","_links_to":"","_links_to_target":""},"categories":[6,4],"tags":[],"class_list":["post-8519","post","type-post","status-publish","format-standard","hentry","category-farske-oznamy","category-oznamy"],"_links":{"self":[{"href":"https:\/\/horka.fara.sk\/index.php?rest_route=\/wp\/v2\/posts\/8519","targetHints":{"allow":["GET"]}}],"collection":[{"href":"https:\/\/horka.fara.sk\/index.php?rest_route=\/wp\/v2\/posts"}],"about":[{"href":"https:\/\/horka.fara.sk\/index.php?rest_route=\/wp\/v2\/types\/post"}],"author":[{"embeddable":true,"href":"https:\/\/horka.fara.sk\/index.php?rest_route=\/wp\/v2\/users\/1"}],"replies":[{"embeddable":true,"href":"https:\/\/horka.fara.sk\/index.php?rest_route=%2Fwp%2Fv2%2Fcomments&post=8519"}],"version-history":[{"count":3,"href":"https:\/\/horka.fara.sk\/index.php?rest_route=\/wp\/v2\/posts\/8519\/revisions"}],"predecessor-version":[{"id":8772,"href":"https:\/\/horka.fara.sk\/index.php?rest_route=\/wp\/v2\/posts\/8519\/revisions\/8772"}],"wp:attachment":[{"href":"https:\/\/horka.fara.sk\/index.php?rest_route=%2Fwp%2Fv2%2Fmedia&parent=8519"}],"wp:term":[{"taxonomy":"category","embeddable":true,"href":"https:\/\/horka.fara.sk\/index.php?rest_route=%2Fwp%2Fv2%2Fcategories&post=8519"},{"taxonomy":"post_tag","embeddable":true,"href":"https:\/\/horka.fara.sk\/index.php?rest_route=%2Fwp%2Fv2%2Ftags&post=8519"}],"curies":[{"name":"wp","href":"https:\/\/api.w.org\/{rel}","templated":true}]}}