{"id":8834,"date":"2026-08-23T00:00:47","date_gmt":"2026-08-22T22:00:47","guid":{"rendered":"https:\/\/horka.fara.sk\/?p=8834"},"modified":"2026-08-22T20:54:25","modified_gmt":"2026-08-22T18:54:25","slug":"farske-oznamy-23-8-30-8-2026","status":"publish","type":"post","link":"https:\/\/horka.fara.sk\/?p=8834","title":{"rendered":"Farsk\u00e9 oznamy 23.8.-30.8.2026"},"content":{"rendered":"<div class=\"table-responsive\">\n<table class=\"table table-bordered\">\n<thead>\n<tr>\n<th style=\"text-align: center; vertical-align: middle;\">d\u00e1tum<\/th>\n<th style=\"text-align: center; vertical-align: middle;\">liturgick\u00fd de\u0148<\/th>\n<th style=\"text-align: center; vertical-align: middle;\">Ki\u0161ovce<\/th>\n<th style=\"text-align: center; vertical-align: middle;\">Ondrej<\/th>\n<\/tr>\n<\/thead>\n<tbody>\n<tr>\n<td style=\"text-align: center; vertical-align: middle;\"><strong>Nede\u013ea 23.8.<\/strong><\/td>\n<td style=\"text-align: center; vertical-align: middle;\"><strong>21. nede\u013ea v Cezro\u010dnom obdob\u00ed<\/strong><\/td>\n<td style=\"text-align: center; vertical-align: middle;\"><strong>8:00<\/strong><\/p>\n<p>+ J\u00e1n, M\u00e1ria Slebodn\u00edk<\/td>\n<td style=\"text-align: center; vertical-align: middle;\"><strong>10:00<\/strong><\/p>\n<p>+ Jozef Bonk<\/td>\n<\/tr>\n<tr>\n<td style=\"text-align: center; vertical-align: middle;\">Pondelok 24.8.<\/td>\n<td style=\"text-align: center; vertical-align: middle;\">Sv\u00e4t\u00e9ho Bartolomeja, apo\u0161tola<\/p>\n<p>sviatok<\/td>\n<td style=\"text-align: center; vertical-align: middle;\"><span style=\"text-decoration: underline;\"><strong>15:00<\/strong><\/span><\/p>\n<p>pohreb: p. Ru\u017eena Lap\u0161ansk\u00e1<\/td>\n<td style=\"text-align: center; vertical-align: middle;\">&nbsp;<\/p>\n<p>&nbsp;<\/td>\n<\/tr>\n<tr>\n<td style=\"text-align: center; vertical-align: middle;\">Utorok 25.8.<\/td>\n<td style=\"text-align: center; vertical-align: middle;\">Vot\u00edvna sv. om\u0161a ku cti sv. Rity z Cascie<\/p>\n<p>\u013eubovo\u013en\u00e1 spomienka<\/td>\n<td style=\"text-align: center; vertical-align: middle;\">&nbsp;<\/p>\n<p>&nbsp;<\/td>\n<td style=\"text-align: center; vertical-align: middle;\"><strong>17:00<\/strong><\/p>\n<p>za zdravie, po\u017eehnanie pre Mari\u00e1na<\/td>\n<\/tr>\n<tr>\n<td style=\"text-align: center; vertical-align: middle;\">Streda 26.8.<\/td>\n<td style=\"text-align: center; vertical-align: middle;\">Streda 21. t\u00fd\u017ed\u0148a v Cezro\u010dnom obdob\u00ed<\/td>\n<td style=\"text-align: center; vertical-align: middle;\"><span style=\"text-decoration: underline;\"><strong>7:00<\/strong><\/span><\/p>\n<p>+ Jozef\u00edna, Milan<\/td>\n<td style=\"text-align: center; vertical-align: middle;\"><\/td>\n<\/tr>\n<tr>\n<td style=\"text-align: center; vertical-align: middle;\">\u0160tvrtok 27.8.<\/td>\n<td style=\"text-align: center; vertical-align: middle;\">Sv\u00e4tej Moniky<\/p>\n<p>spomienka<\/td>\n<td style=\"text-align: center; vertical-align: middle;\">&nbsp;<\/p>\n<p>&nbsp;<\/td>\n<td style=\"text-align: center; vertical-align: middle;\"><strong>17:00<\/strong><\/p>\n<p>za zdravie, po\u017eehnanie<br \/>\npre Silviu Meliorisov\u00fa<\/td>\n<\/tr>\n<tr>\n<td style=\"text-align: center; vertical-align: middle;\">Piatok 28.8.<\/td>\n<td style=\"text-align: center; vertical-align: middle;\">Sv\u00e4t\u00e9ho August\u00edna, biskupa a u\u010dite\u013ea Cirkvi<\/p>\n<p>spomienka<\/td>\n<td style=\"text-align: center; vertical-align: middle;\"><strong>17:00<\/strong><\/p>\n<p>+ M\u00e1ria, Jozef Jan\u00e1\u010dek<\/td>\n<td style=\"text-align: center; vertical-align: middle;\">&nbsp;<\/p>\n<p>&nbsp;<\/td>\n<\/tr>\n<tr>\n<td style=\"text-align: center; vertical-align: middle;\">Sobota 29.8.<\/td>\n<td style=\"text-align: center; vertical-align: middle;\">Mu\u010den\u00edcka smr\u0165 sv\u00e4t\u00e9ho J\u00e1na Krstite\u013ea<\/p>\n<p>spomienka<\/td>\n<td style=\"text-align: center; vertical-align: middle;\"><\/td>\n<td style=\"text-align: center; vertical-align: middle;\"><strong>8:00<\/strong><\/p>\n<p>za zomrel\u00fdch z rodiny Vl\u010d\u00e1kovej<\/td>\n<\/tr>\n<tr>\n<td style=\"text-align: center; vertical-align: middle;\"><strong>Nede\u013ea 30.8.<\/strong><\/td>\n<td style=\"text-align: center; vertical-align: middle;\"><strong>22. nede\u013ea v Cezro\u010dnom obdob\u00ed<\/strong><\/td>\n<td style=\"text-align: center; vertical-align: middle;\"><strong>8:00<\/strong><\/p>\n<p>za zdravie, po\u017eehnanie<br \/>\npre Helenu a Jozefa Toma\u013eov\u00fdch<\/td>\n<td style=\"text-align: center; vertical-align: middle;\"><strong>10:00<\/strong><\/p>\n<p>za zdravie, po\u017eehnanie<br \/>\npre rodinu Borkovsk\u00fa<\/td>\n<\/tr>\n<\/tbody>\n<\/table>\n<\/div>\n<p>Pozn\u00e1mky:<\/p>\n<ul>\n<li>d\u0148a 29.8. (sobota) sa uskuto\u010dn\u00ed <strong>De\u0148 farnosti H\u00f4rka<\/strong> v z\u00e1hrade farsk\u00e9ho \u00faradu. Ako hostia vyst\u00fapia s\u00farodenci Meliorisovci. V pr\u00edpade extr\u00e9mne nepriazniv\u00e9ho po\u010dasia sa t\u00e1to akcia posunie na 5.9. (sobota) s t\u00fdm ist\u00fdm programom. Predpokladan\u00fd za\u010diatok o 13:00 hod. <strong>V\u0161etci ste srde\u010dne pozvan\u00ed!<\/strong><\/li>\n<li><strong>dary na potreby farnosti:<\/strong> <strong>V\u0161etk\u00fdm menovan\u00fdm aj nemenovan\u00fdm darcom P\u00e1n Boh zapla\u0165!<\/strong><\/li>\n<li><a href=\"http:\/\/www.jubileum.kapitula.sk\">www.jubileum.kapitula.sk<\/a><\/li>\n<\/ul>\n","protected":false},"excerpt":{"rendered":"<p>d\u00e1tum liturgick\u00fd de\u0148 Ki\u0161ovce Ondrej Nede\u013ea 23.8. 21. nede\u013ea v Cezro\u010dnom obdob\u00ed 8:00 + J\u00e1n, M\u00e1ria Slebodn\u00edk 10:00 + Jozef Bonk Pondelok 24.8. Sv\u00e4t\u00e9ho Bartolomeja, apo\u0161tola sviatok 15:00 pohreb: p. Ru\u017eena Lap\u0161ansk\u00e1 &nbsp; &nbsp; Utorok 25.8. Vot\u00edvna sv. om\u0161a ku cti sv. Rity z Cascie \u013eubovo\u013en\u00e1 spomienka &nbsp; &nbsp; 17:00 za zdravie, po\u017eehnanie pre Mari\u00e1na [&hellip;]<\/p>\n","protected":false},"author":1,"featured_media":0,"comment_status":"open","ping_status":"open","sticky":false,"template":"","format":"standard","meta":{"footnotes":"","_links_to":"","_links_to_target":""},"categories":[6,4],"tags":[],"class_list":["post-8834","post","type-post","status-publish","format-standard","hentry","category-farske-oznamy","category-oznamy"],"_links":{"self":[{"href":"https:\/\/horka.fara.sk\/index.php?rest_route=\/wp\/v2\/posts\/8834","targetHints":{"allow":["GET"]}}],"collection":[{"href":"https:\/\/horka.fara.sk\/index.php?rest_route=\/wp\/v2\/posts"}],"about":[{"href":"https:\/\/horka.fara.sk\/index.php?rest_route=\/wp\/v2\/types\/post"}],"author":[{"embeddable":true,"href":"https:\/\/horka.fara.sk\/index.php?rest_route=\/wp\/v2\/users\/1"}],"replies":[{"embeddable":true,"href":"https:\/\/horka.fara.sk\/index.php?rest_route=%2Fwp%2Fv2%2Fcomments&post=8834"}],"version-history":[{"count":4,"href":"https:\/\/horka.fara.sk\/index.php?rest_route=\/wp\/v2\/posts\/8834\/revisions"}],"predecessor-version":[{"id":8852,"href":"https:\/\/horka.fara.sk\/index.php?rest_route=\/wp\/v2\/posts\/8834\/revisions\/8852"}],"wp:attachment":[{"href":"https:\/\/horka.fara.sk\/index.php?rest_route=%2Fwp%2Fv2%2Fmedia&parent=8834"}],"wp:term":[{"taxonomy":"category","embeddable":true,"href":"https:\/\/horka.fara.sk\/index.php?rest_route=%2Fwp%2Fv2%2Fcategories&post=8834"},{"taxonomy":"post_tag","embeddable":true,"href":"https:\/\/horka.fara.sk\/index.php?rest_route=%2Fwp%2Fv2%2Ftags&post=8834"}],"curies":[{"name":"wp","href":"https:\/\/api.w.org\/{rel}","templated":true}]}}