{"id":8836,"date":"2026-08-30T00:00:48","date_gmt":"2026-08-29T22:00:48","guid":{"rendered":"https:\/\/horka.fara.sk\/?p=8836"},"modified":"2026-08-30T21:34:13","modified_gmt":"2026-08-30T19:34:13","slug":"farske-oznamy-30-8-6-9-2026","status":"publish","type":"post","link":"https:\/\/horka.fara.sk\/?p=8836","title":{"rendered":"Farsk\u00e9 oznamy 30.8.-6.9.2026"},"content":{"rendered":"<div class=\"table-responsive\">\n<table class=\"table table-bordered\">\n<thead>\n<tr>\n<th style=\"text-align: center; vertical-align: middle;\">d\u00e1tum<\/th>\n<th style=\"text-align: center; vertical-align: middle;\">liturgick\u00fd de\u0148<\/th>\n<th style=\"text-align: center; vertical-align: middle;\">Ki\u0161ovce<\/th>\n<th style=\"text-align: center; vertical-align: middle;\">Ondrej<\/th>\n<\/tr>\n<\/thead>\n<tbody>\n<tr>\n<td style=\"text-align: center; vertical-align: middle;\"><strong>Nede\u013ea 30.8.<\/strong><\/td>\n<td style=\"text-align: center; vertical-align: middle;\"><strong>22. nede\u013ea v Cezro\u010dnom obdob\u00ed<\/strong><\/td>\n<td style=\"text-align: center; vertical-align: middle;\"><strong>8:00<\/strong><\/p>\n<p>+ Gitka Proch\u00e1zkov\u00e1<\/td>\n<td style=\"text-align: center; vertical-align: middle;\"><strong>10:00<\/strong><\/p>\n<p>za zdravie, po\u017eehnanie<br \/>\npre rodinu Borkovsk\u00fa<\/td>\n<\/tr>\n<tr>\n<td style=\"text-align: center; vertical-align: middle;\">Pondelok 31.8.<\/td>\n<td style=\"text-align: center; vertical-align: middle;\">Pondelok 22. t\u00fd\u017ed\u0148a v Cezro\u010dnom obdob\u00ed<\/td>\n<td style=\"text-align: center; vertical-align: middle;\"><strong>17:00<\/strong><\/p>\n<p>za zomrel\u00fdch z rodiny Piro\u017eekovej<\/td>\n<td style=\"text-align: center; vertical-align: middle;\">&nbsp;<\/p>\n<p>&nbsp;<\/td>\n<\/tr>\n<tr>\n<td style=\"text-align: center; vertical-align: middle;\">Utorok 1.8.<\/td>\n<td style=\"text-align: center; vertical-align: middle;\">Utorok 22. t\u00fd\u017ed\u0148a v Cezro\u010dnom obdob\u00ed<\/td>\n<td style=\"text-align: center; vertical-align: middle;\">&nbsp;<\/p>\n<p>&nbsp;<\/td>\n<td style=\"text-align: center; vertical-align: middle;\"><strong>17:00<\/strong><\/p>\n<p>+ J\u00e1n Hleba<\/td>\n<\/tr>\n<tr>\n<td style=\"text-align: center; vertical-align: middle;\">Streda 2.8.<\/td>\n<td style=\"text-align: center; vertical-align: middle;\">Streda 22. t\u00fd\u017ed\u0148a v Cezro\u010dnom obdob\u00ed<\/td>\n<td style=\"text-align: center; vertical-align: middle;\"><strong>8:00<\/strong><\/p>\n<p>+ Tom\u00e1\u0161 Ro\u017e\u00e1r<\/td>\n<td style=\"text-align: center; vertical-align: middle;\"><\/td>\n<\/tr>\n<tr>\n<td style=\"text-align: center; vertical-align: middle;\">\u0160tvrtok 3.8.<\/td>\n<td style=\"text-align: center; vertical-align: middle;\">Sv\u00e4t\u00e9ho Gregora Ve\u013ek\u00e9ho, p\u00e1pe\u017ea a u\u010dite\u013ea Cirkvi<\/p>\n<p>spomienka<\/td>\n<td style=\"text-align: center; vertical-align: middle;\">&nbsp;<\/p>\n<p>&nbsp;<\/td>\n<td style=\"text-align: center; vertical-align: middle;\"><strong>17:00<\/strong><\/p>\n<p>+ Mari\u00e1n Bu\u0161ovsk\u00fd<\/td>\n<\/tr>\n<tr>\n<td style=\"text-align: center; vertical-align: middle;\">Piatok 4.8.<\/td>\n<td style=\"text-align: center; vertical-align: middle;\">Piatok 22. t\u00fd\u017ed\u0148a v Cezro\u010dnom obdob\u00ed<\/td>\n<td style=\"text-align: center; vertical-align: middle;\"><strong>17:00<\/strong><\/p>\n<p>+ Martina Pito\u0148\u00e1kov\u00e1<\/td>\n<td style=\"text-align: center; vertical-align: middle;\"><strong>18:00<\/strong><\/p>\n<p>+ M\u00e1ria, J\u00e1n Tomajka<\/td>\n<\/tr>\n<tr>\n<td style=\"text-align: center; vertical-align: middle;\">Sobota 5.8.<\/td>\n<td style=\"text-align: center; vertical-align: middle;\">Preblahoslavenej Panny M\u00e1rie v sobotu<\/p>\n<p>\u013eubovo\u013en\u00e1 spomienka<\/td>\n<td style=\"text-align: center; vertical-align: middle;\"><\/td>\n<td style=\"text-align: center; vertical-align: middle;\"><strong>8:00<\/strong><\/p>\n<p>za zomrel\u00fdch z rodiny<br \/>\nKuch\u00e1rovej a Saparovej<\/td>\n<\/tr>\n<tr>\n<td style=\"text-align: center; vertical-align: middle;\"><strong>Nede\u013ea 6.8.<\/strong><\/td>\n<td style=\"text-align: center; vertical-align: middle;\"><strong>23. nede\u013ea v Cezro\u010dnom obdob\u00ed<\/strong><\/td>\n<td style=\"text-align: center; vertical-align: middle;\"><strong>8:00<\/strong><\/p>\n<p>za zdravie, po\u017eehnanie<br \/>\npre Vladim\u00edra Gajdo\u0161a<\/td>\n<td style=\"text-align: center; vertical-align: middle;\"><strong>10:00<\/strong><\/p>\n<p>sv\u00e4t\u00e1 om\u0161a na \u00famysel<\/td>\n<\/tr>\n<\/tbody>\n<\/table>\n<\/div>\n<p>Pozn\u00e1mky:<\/p>\n<ul>\n<li>v tomto t\u00fd\u017edni je 1. piatok v mesiaci september.\n<ul>\n<li>spovedanie v Ki\u0161ovciach: pondelok, piatok 16:00 &#8211; 17:00 hod.<\/li>\n<li>spovedanie v Ondreji: utorok, \u0161tvrtok 16:00 &#8211; 17:00 hod.<\/li>\n<li>n\u00e1v\u0161teva chor\u00fdch: piatok 9:00 &#8211; 11:00 hod.<\/li>\n<\/ul>\n<\/li>\n<li>na bud\u00facu nede\u013eu bude pri obidvoch sv. om\u0161iach vz\u00fdvanie Ducha sv\u00e4t\u00e9ho, modlitba o pomoc pre na\u0161ich \u017eiakov a \u0161tudentov na za\u010diatku nov\u00e9ho \u0161kolsk\u00e9ho roka.<\/li>\n<li><strong>dary na potreby farnosti: <\/strong>p. Mal\u00e1 50 \u20ac. <strong>V\u0161etk\u00fdm menovan\u00fdm aj nemenovan\u00fdm darcom P\u00e1n Boh zapla\u0165!<\/strong><\/li>\n<li><a href=\"http:\/\/www.jubileum.kapitula.sk\">www.jubileum.kapitula.sk<\/a><\/li>\n<\/ul>\n","protected":false},"excerpt":{"rendered":"<p>d\u00e1tum liturgick\u00fd de\u0148 Ki\u0161ovce Ondrej Nede\u013ea 30.8. 22. nede\u013ea v Cezro\u010dnom obdob\u00ed 8:00 + Gitka Proch\u00e1zkov\u00e1 10:00 za zdravie, po\u017eehnanie pre rodinu Borkovsk\u00fa Pondelok 31.8. Pondelok 22. t\u00fd\u017ed\u0148a v Cezro\u010dnom obdob\u00ed 17:00 za zomrel\u00fdch z rodiny Piro\u017eekovej &nbsp; &nbsp; Utorok 1.8. Utorok 22. t\u00fd\u017ed\u0148a v Cezro\u010dnom obdob\u00ed &nbsp; &nbsp; 17:00 + J\u00e1n Hleba Streda 2.8. [&hellip;]<\/p>\n","protected":false},"author":1,"featured_media":0,"comment_status":"open","ping_status":"open","sticky":false,"template":"","format":"standard","meta":{"footnotes":"","_links_to":"","_links_to_target":""},"categories":[6,4],"tags":[],"class_list":["post-8836","post","type-post","status-publish","format-standard","hentry","category-farske-oznamy","category-oznamy"],"_links":{"self":[{"href":"https:\/\/horka.fara.sk\/index.php?rest_route=\/wp\/v2\/posts\/8836","targetHints":{"allow":["GET"]}}],"collection":[{"href":"https:\/\/horka.fara.sk\/index.php?rest_route=\/wp\/v2\/posts"}],"about":[{"href":"https:\/\/horka.fara.sk\/index.php?rest_route=\/wp\/v2\/types\/post"}],"author":[{"embeddable":true,"href":"https:\/\/horka.fara.sk\/index.php?rest_route=\/wp\/v2\/users\/1"}],"replies":[{"embeddable":true,"href":"https:\/\/horka.fara.sk\/index.php?rest_route=%2Fwp%2Fv2%2Fcomments&post=8836"}],"version-history":[{"count":3,"href":"https:\/\/horka.fara.sk\/index.php?rest_route=\/wp\/v2\/posts\/8836\/revisions"}],"predecessor-version":[{"id":8872,"href":"https:\/\/horka.fara.sk\/index.php?rest_route=\/wp\/v2\/posts\/8836\/revisions\/8872"}],"wp:attachment":[{"href":"https:\/\/horka.fara.sk\/index.php?rest_route=%2Fwp%2Fv2%2Fmedia&parent=8836"}],"wp:term":[{"taxonomy":"category","embeddable":true,"href":"https:\/\/horka.fara.sk\/index.php?rest_route=%2Fwp%2Fv2%2Fcategories&post=8836"},{"taxonomy":"post_tag","embeddable":true,"href":"https:\/\/horka.fara.sk\/index.php?rest_route=%2Fwp%2Fv2%2Ftags&post=8836"}],"curies":[{"name":"wp","href":"https:\/\/api.w.org\/{rel}","templated":true}]}}